{"id":133706,"date":"2020-09-24T07:12:38","date_gmt":"2020-09-24T12:12:38","guid":{"rendered":"https:\/\/plazajuarez.mx\/?p=133706"},"modified":"2020-09-24T07:12:56","modified_gmt":"2020-09-24T12:12:56","slug":"laguna-de-voces-666","status":"publish","type":"post","link":"https:\/\/plazajuarez.mx\/historico\/laguna-de-voces-666\/","title":{"rendered":"LAGUNA DE VOCES"},"content":{"rendered":"\n<h2 class=\"wp-block-heading\">El fr\u00edo es el calor del coraz\u00f3n<\/h2>\n\n\n\n<!--more-->\n\n\n\n<p>Debe ser posible que el fr\u00edo congele las ideas, pero tambi\u00e9n la vida, y luego entonces resulta posible observar con m\u00e1s detenimiento el transitar de la existencia, con la posibilidad de estacionar los momentos m\u00e1s emotivos y felices que le dieron sentido a toda esta larga estancia en un planeta, que seguramente tendr\u00e1 mejores momentos en un futuro cuando el que cuenta ya no exista.<\/p>\n\n\n\n<p>El fr\u00edo tiene como ventaja fundamental hacer que el tiempo transcurra m\u00e1s lentamente y por momentos, como ya se ha se\u00f1alado, de plano empiece a darnos la impresi\u00f3n de que ya no camina, pero adem\u00e1s con la posibilidad de que esa opci\u00f3n est\u00e9 al alcance de nuestras manos.<\/p>\n\n\n\n<p>Previo a los meses de invierno, resulta un anuncio de vital importancia, conocer de sus cualidades \u00fanicas, porque contrario a lo que se piensa, resulta ser de lo m\u00e1s divertido y pleno de felicidad, que por tradici\u00f3n achacamos al calor, la playa y todo eso que desde ni\u00f1os nos dijeron.<\/p>\n\n\n\n<p>La felicidad puede durar m\u00e1s si se queda grabada en la memoria casi de manera eterna. Hay gestos que no habr\u00e1n de irse porque se dieron en un ambiente casi de congelador. Y pueden ser desde una risa, el arqueo de unas cejas, unos labios que siempre pronunciaban nuestro nombre, o tambi\u00e9n la simple y di\u00e1fana estampa de un rostro que duerme.<\/p>\n\n\n\n<p>Es decir que tambi\u00e9n los asuntos amorosos son m\u00e1s cre\u00edbles en temporada de invierno, porque los abrazos tienen como origen una simple b\u00fasqueda de calor, y ya lo que suceda despu\u00e9s es asunto de los involucrados en lo que sin duda tuvo como origen el cari\u00f1o a secas.<\/p>\n\n\n\n<p>La expresi\u00f3n \u201cfr\u00eda como la tumba\u201d, de este modo tiene muy poco de honestidad, porque de alguna forma los difuntos logran calentar el alma que se eleva como producto de una quemaz\u00f3n rumbo al cielo, y de ninguna forma es asunto de justificar a los diablos y su infierno, sino simplemente anotar que no hay lugar m\u00e1s pleno de calor amoroso que donde descansan los muertos.<\/p>\n\n\n\n<p>S\u00f3lo hay, con todo y lo que se ha dicho, un momento en que el fr\u00edo cala hasta los huesos, y el coraz\u00f3n casi se detiene. Es justo cuando no existe nadie a la mano que comparta la certeza de que un poco de amor puede remediar todo, absolutamente todo. Y por eso la gente recurre a tanto sarape o cobertor se le ponga a la mano, pero acaba igual de helada.<\/p>\n\n\n\n<p>Tiene pues sus ventajas el fr\u00edo.<\/p>\n\n\n\n<p>Y con esto me refiero a cualquier lugar donde se presente la ocasi\u00f3n.<\/p>\n\n\n\n<p>Porque, ya se habr\u00e1 dado cuenta el lector, tiene la grandiosa capacidad de guardar hasta el fin de los tiempos, aquello que nos importa, nos hace ser lo que somos, y por lo tanto anticipa la posibilidad de que la vida sea algo m\u00e1s que un juego que parece absurdo.<\/p>\n\n\n\n<p>Todo consiste en preparar, uno por uno, los momentos, im\u00e1genes y todo lo que uno se quiera llevar en ese largo viaje que sepa Dios a d\u00f3nde conduce.<\/p>\n\n\n\n<p>Deber\u00e1n estar presentes los hijos con su sonrisa chimuela cuando mudan de dientes. La mujer amada. La familia m\u00e1s cercana. La no tan cercana.<\/p>\n\n\n\n<p>Y sin embargo dentro de toda esa l\u00f3gica del almacenamiento primordial, deber\u00e1 destacarse lo que nos llev\u00f3, un d\u00eda cualquiera, a darle el valor fundamental que tiene ese justo instante en que asociamos fr\u00edo con alegr\u00eda por vivir.<\/p>\n\n\n\n<p>No tiene fecha exacta, pero cada uno lo guarda muy cuidadosamente para que nunca desaparezca, y nos acompa\u00f1e cuando deba ser necesario, y permita que el alma brinque y de vueltas en el estuche de difunto que seguramente tendremos. Es en ese instante, apenas visible, cuando sale disparada rumbo al cielo, el alma, y lo que dejamos simplemente sonr\u00ede por esa ocasi\u00f3n en que descubrimos que el fr\u00edo es el calor del coraz\u00f3n.<\/p>\n\n\n\n<p><strong>Mil gracias, hasta ma\u00f1ana.<\/strong><\/p>\n\n\n\n<p><a href=\"mailto:jeperalta@plazajuarez.mx\/historico\/historico\">jeperalta@plazajuarez.mx\/historico\/historico<\/a><\/p>\n\n\n\n<p>twitter: @JavierEPeralta<\/p>\n","protected":false},"excerpt":{"rendered":"<p>El fr\u00edo es el calor del coraz\u00f3n<\/p>\n","protected":false},"author":10,"featured_media":0,"comment_status":"closed","ping_status":"open","sticky":false,"template":"","format":"standard","meta":{"footnotes":""},"categories":[49,42],"tags":[],"class_list":["post-133706","post","type-post","status-publish","format-standard","hentry","category-javier-peralta","category-nuestrapalabra"],"_links":{"self":[{"href":"https:\/\/plazajuarez.mx\/historico\/wp-json\/wp\/v2\/posts\/133706","targetHints":{"allow":["GET"]}}],"collection":[{"href":"https:\/\/plazajuarez.mx\/historico\/wp-json\/wp\/v2\/posts"}],"about":[{"href":"https:\/\/plazajuarez.mx\/historico\/wp-json\/wp\/v2\/types\/post"}],"author":[{"embeddable":true,"href":"https:\/\/plazajuarez.mx\/historico\/wp-json\/wp\/v2\/users\/10"}],"replies":[{"embeddable":true,"href":"https:\/\/plazajuarez.mx\/historico\/wp-json\/wp\/v2\/comments?post=133706"}],"version-history":[{"count":0,"href":"https:\/\/plazajuarez.mx\/historico\/wp-json\/wp\/v2\/posts\/133706\/revisions"}],"wp:attachment":[{"href":"https:\/\/plazajuarez.mx\/historico\/wp-json\/wp\/v2\/media?parent=133706"}],"wp:term":[{"taxonomy":"category","embeddable":true,"href":"https:\/\/plazajuarez.mx\/historico\/wp-json\/wp\/v2\/categories?post=133706"},{"taxonomy":"post_tag","embeddable":true,"href":"https:\/\/plazajuarez.mx\/historico\/wp-json\/wp\/v2\/tags?post=133706"}],"curies":[{"name":"wp","href":"https:\/\/api.w.org\/{rel}","templated":true}]}}