{"id":133705,"date":"2020-09-24T07:11:20","date_gmt":"2020-09-24T12:11:20","guid":{"rendered":"https:\/\/plazajuarez.mx\/?p=133705"},"modified":"2020-09-24T07:11:38","modified_gmt":"2020-09-24T12:11:38","slug":"alfil-negro-1924","status":"publish","type":"post","link":"https:\/\/plazajuarez.mx\/historico\/alfil-negro-1924\/","title":{"rendered":"ALFIL NEGRO"},"content":{"rendered":"\n<h2 class=\"wp-block-heading\"><strong>PRIETITOS EN EL ARROZ<\/strong><\/h2>\n\n\n\n<!--more-->\n\n\n\n<p>Las campa\u00f1as se llevan a cabo, en la mayor\u00eda de los casos con la normalidad que permite la pandemia, y con paz en lo general, aunque no faltan sus negritos en el arroz, que es como la parte m\u00e1s baja de la lucha electoral, que deb\u00eda ser de ideas y de propuestas, pero que pierde el rumbo cusndo as\u00ed conviene a los protagonistas de la pelea electoral.<\/p>\n\n\n\n<p>Son los prietitos en el arroz\u2026&nbsp;<\/p>\n\n\n\n<p>En esta cazuela electoral, quienes est\u00e1n llen\u00e1ndola de prietitos y por desgracia se llevan el primer lugar, son los del partido que debiera ser modelo por su fuerza y poder, o sea Morena.<\/p>\n\n\n\n<p>No es posible que hasta en el registro de candidaturas, haya la sospecha de que su representante ante el IEEH, Alejandro Olvera, se le haya hecho tarde para registrar siete municipios del partido y dos m\u00e1s de candidaturas comunes. En total son nueve municipios,&nbsp; donde Morena puede no participar por lo que se se\u00f1ala como irresponsabilidad de Olvera que ya es investigado por esta terrible falla, dicen que intencional, de darle este golpe al que se supone es su partido, aunque no tenga m\u00e1s uniforme que el de la garza.<\/p>\n\n\n\n<p>Los otros arroces son el caso de Mineral de la Reforma, donde hacen el rid\u00edculo de fea manera en la lucha entre morenos y garzas por la candidatura, hasta el grado de que ya llevan tres candidaturas y a la \u00faltima, Hilda Miranda, ya la quieren correr porque dicen que es gente del entambado.<\/p>\n\n\n\n<p>No se puede dejar de hablar del caso del hermano de Montealegre, que duerme en la c\u00e1rcel acusado de tentativa de feminicidio y que estaba propuesto como s\u00edndico para La Reforma.<\/p>\n\n\n\n<p>Otro arroz negro, es la que se&nbsp; informa como agresi\u00f3n con arma de fuego a un candidato en Ixmiquilpan, y que recibi\u00f3 de inmediato la repulsas de todo mundo, pues ser\u00eda un desastre una elecci\u00f3n con pandemia y violencia.<\/p>\n\n\n\n<p>Ojal\u00e1 y el arroz se cocine lo m\u00e1s limpio que se pueda, y que los arroces negros se queden fuera de la cazuela.<\/p>\n\n\n\n<p>Pero de qu\u00e9 hay arroces negros, vaya si los hay.<\/p>\n\n\n\n<p>Lo bueno de todo, es que el cocinero experto en estos arroces negros, duerme en el bote y sus ayudantes andan medio espantados, hasta el grado de que su hermano candidato hace campa\u00f1a medio escondido, para evitar una posible acci\u00f3n policiaca.<\/p>\n\n\n\n<p>Veremos\u2026&nbsp;<\/p>\n\n\n\n<p>Lo mejor es que no se ve un escenario m\u00e1s terrible que ser\u00eda que se quemara el arroz, porque eso ser\u00eda un golpe demoledor a la democracia y a la vida del estado.<\/p>\n\n\n\n<p><strong>S\u00f3lo algunos arroces negros y la mayor parte del arroz limpio.<\/strong><\/p>\n","protected":false},"excerpt":{"rendered":"<p>PRIETITOS EN EL ARROZ<\/p>\n","protected":false},"author":83,"featured_media":0,"comment_status":"closed","ping_status":"open","sticky":false,"template":"","format":"standard","meta":{"footnotes":""},"categories":[48,42],"tags":[],"class_list":["post-133705","post","type-post","status-publish","format-standard","hentry","category-adalberto-peralta","category-nuestrapalabra"],"_links":{"self":[{"href":"https:\/\/plazajuarez.mx\/historico\/wp-json\/wp\/v2\/posts\/133705","targetHints":{"allow":["GET"]}}],"collection":[{"href":"https:\/\/plazajuarez.mx\/historico\/wp-json\/wp\/v2\/posts"}],"about":[{"href":"https:\/\/plazajuarez.mx\/historico\/wp-json\/wp\/v2\/types\/post"}],"author":[{"embeddable":true,"href":"https:\/\/plazajuarez.mx\/historico\/wp-json\/wp\/v2\/users\/83"}],"replies":[{"embeddable":true,"href":"https:\/\/plazajuarez.mx\/historico\/wp-json\/wp\/v2\/comments?post=133705"}],"version-history":[{"count":0,"href":"https:\/\/plazajuarez.mx\/historico\/wp-json\/wp\/v2\/posts\/133705\/revisions"}],"wp:attachment":[{"href":"https:\/\/plazajuarez.mx\/historico\/wp-json\/wp\/v2\/media?parent=133705"}],"wp:term":[{"taxonomy":"category","embeddable":true,"href":"https:\/\/plazajuarez.mx\/historico\/wp-json\/wp\/v2\/categories?post=133705"},{"taxonomy":"post_tag","embeddable":true,"href":"https:\/\/plazajuarez.mx\/historico\/wp-json\/wp\/v2\/tags?post=133705"}],"curies":[{"name":"wp","href":"https:\/\/api.w.org\/{rel}","templated":true}]}}