{"id":133701,"date":"2020-09-24T07:09:11","date_gmt":"2020-09-24T12:09:11","guid":{"rendered":"https:\/\/plazajuarez.mx\/?p=133701"},"modified":"2020-09-24T07:09:22","modified_gmt":"2020-09-24T12:09:22","slug":"dese-por-enterado-775","status":"publish","type":"post","link":"https:\/\/plazajuarez.mx\/historico\/dese-por-enterado-775\/","title":{"rendered":"DESE POR ENTERADO"},"content":{"rendered":"\n<p><strong>LOS DA\u00d1OS COLATERALES EN EL GRUPO UNIVERSIDAD.-<\/strong> Ll\u00e1melo usted como quiera, pero es evidente que a la detenci\u00f3n del todav\u00eda l\u00edder del Grupo Universidad por parte de la Fiscal\u00eda General de la Rep\u00fablica, empiezan a sumarse da\u00f1os que se denominan \u201ccolaterales\u201d que los afectados insisten en calificar como una \u201cpersecuci\u00f3n pol\u00edtica\u201d, cuando evidentemente no lo es. El caso m\u00e1s reciente es el del hermano de la diputada local de dicha agrupaci\u00f3n pol\u00edtica, v\u00eda Morena, Roxana Montealegre, se\u00f1alado por presunto intento de feminicidio en contra de su pareja. Un hecho lamentable y condenable en todo el sentido de la palabra y que nadie, sea quien sea, puede ni debe evadir. Aquella legisladora, primera y \u00fanica que apost\u00f3 todo a defender al ex Presidente del Patronato Universitario y lo hizo con el mismo argumento de una supuesta persecuci\u00f3n pol\u00edtica, hoy vive un verdadero viacrucis que no se ve tenga un final feliz. \u00bfSe preguntar\u00e1 si lo recibido del l\u00edder encarcelado en sus a\u00f1os de gloria, vale la pena o justifica el momento terrible que vive su familia?<\/p>\n\n\n\n<hr class=\"wp-block-separator\"\/>\n\n\n\n<p><strong>\u00bfNUEVA EMPRESA UNIVERSITARIA?.-<\/strong> De la noche a la ma\u00f1ana el diario El Independiente que hasta hace unos d\u00edas editaba y distribu\u00eda \u201cLa Voz del Aire S.A. de C.V.\u201d, una de las 21 empresas del Patronato Universitario de la UAEH, pas\u00f3 a ser parte de \u201cIntermedios S.A. de C.V.\u201d con domicilio en la colonia Maestranza, y del que ya no se informa si es presidido por Ismal David Villegas Balmori en su Consejo de Administraci\u00f3n. Se imprime sin embargo en Unieditores S.A. de C.V., por supuesto del Patronato citado, y nombre con el que se conoce a la Imprenta Universitaria, que destin\u00f3 hace ya algunos a\u00f1os importantes recursos de la UAEH para construir sus nuevas instalaciones a un costado de la Estaci\u00f3n de Radio de la instituci\u00f3n educativa, as\u00ed como para maquinaria. A ciencia cierta nadie sabe por el momento con qu\u00e9 intenci\u00f3n fue creada esta nueva empresa, que por razones legales no puede disponer de las cuentas de lo que era La Voz del Aire. En fin, el hecho es que la situaci\u00f3n de los trabajadores del medio informativo cada vez es m\u00e1s dif\u00edcil, aunque esto no es exclusivo del mismo, s\u00ed en cambio el origen que es la intervenci\u00f3n de autoridades hacendarias en sus cuentas bancarias.<\/p>\n\n\n\n<hr class=\"wp-block-separator\"\/>\n\n\n\n<p><strong>DEBATE MALOGRADO EN PACHUCA.-<\/strong> Finalmente no hubo acuerdo para que ayer en pleno Reloj Monumento de la capital hidalguense se realizara un debate entre los candidatos de Morena, Pablo Vargas; PRD, Isidro Pedraza, y PRI, Sergio Ba\u00f1os. Cada cual tiene su versi\u00f3n de los hechos, pero la conclusi\u00f3n es que no hubo acuerdo real para que el evento se realizara. Por cierto, no todos los aspirantes fueron invitados, seg\u00fan se queja uno de ellos. Lo que observamos es que tendr\u00e1n que ser los debates organizados por el Instituto Estatal Electoral de Hidalgo, los que finalmente deban ser valorados, porque eso de que uno de los abanderados decida invitar a uno, como que no re\u00fane muy buenas condiciones.&nbsp;<\/p>\n\n\n\n<hr class=\"wp-block-separator\"\/>\n\n\n\n<p><strong>NUEVO DIARIO DIGITAL.-<\/strong> Finalmente La Jornada empezar\u00e1 trabajos en territorio hidalguense aunque no de manera impresa sino digital. Luego que hace unos ayeres el entonces fuerte Grupo Universidad estuvo a punto de lograr la franquicia del peri\u00f3dico citado para publicarlo en la entidad, lo que no sucedi\u00f3 por la f\u00e9rrea oposici\u00f3n del maestro Granados Chapa, fundador del medio, para estas fechas sin embargo y sin que tenga que ver nada con el grupo pol\u00edtico citado, el diario est\u00e1 por empezar labores, aunque a la fecha no se sabe si bajo la direcci\u00f3n de su actual corresponsal, Ricardo Montoya. Siempre es una buena noticia que j\u00f3venes universitarios tengan la posibilidad de un buen empleo en un medio prestigioso como es La Jornada.<\/p>\n\n\n\n<hr class=\"wp-block-separator\"\/>\n\n\n\n<p><strong><em>Aviso para que no digan: Esa columna se nutre de comentarios recabados en agencias del Recontra-Espionaje, muy similares a las que populariz\u00f3 el \u201cS\u00faper Agente 86\u201d en sus tiempos. Como tal, usted est\u00e1 en libertad de creer o no lo que lee, recontra-enojarse, recontra-carcajearse y hasta recontra-recordarnos a nuestra jefecita (nosotros recontra-hacemos lo propio). Avisado est\u00e1 usted.<\/em><\/strong><\/p>\n\n\n\n<p>Dudas y comentarios:<\/p>\n\n\n\n<p><a href=\"mailto:desexenterado@gmail.com\">desexenterado@gmail.com<\/a><\/p>\n\n\n\n<p>@desexenterado<\/p>\n","protected":false},"excerpt":{"rendered":"<p>LOS DA\u00d1OS COLATERALES EN EL GRUPO UNIVERSIDAD.- Ll\u00e1melo usted como quiera, pero es evidente que a la detenci\u00f3n del todav\u00eda l\u00edder del Grupo Universidad por parte de la Fiscal\u00eda General de la Rep\u00fablica, empiezan a sumarse da\u00f1os que se denominan \u201ccolaterales\u201d que los afectados insisten en calificar como una \u201cpersecuci\u00f3n pol\u00edtica\u201d, cuando evidentemente no lo [&hellip;]<\/p>\n","protected":false},"author":93,"featured_media":0,"comment_status":"closed","ping_status":"open","sticky":false,"template":"","format":"standard","meta":{"footnotes":""},"categories":[83],"tags":[],"class_list":["post-133701","post","type-post","status-publish","format-standard","hentry","category-dese-por-enterado"],"_links":{"self":[{"href":"https:\/\/plazajuarez.mx\/historico\/wp-json\/wp\/v2\/posts\/133701","targetHints":{"allow":["GET"]}}],"collection":[{"href":"https:\/\/plazajuarez.mx\/historico\/wp-json\/wp\/v2\/posts"}],"about":[{"href":"https:\/\/plazajuarez.mx\/historico\/wp-json\/wp\/v2\/types\/post"}],"author":[{"embeddable":true,"href":"https:\/\/plazajuarez.mx\/historico\/wp-json\/wp\/v2\/users\/93"}],"replies":[{"embeddable":true,"href":"https:\/\/plazajuarez.mx\/historico\/wp-json\/wp\/v2\/comments?post=133701"}],"version-history":[{"count":0,"href":"https:\/\/plazajuarez.mx\/historico\/wp-json\/wp\/v2\/posts\/133701\/revisions"}],"wp:attachment":[{"href":"https:\/\/plazajuarez.mx\/historico\/wp-json\/wp\/v2\/media?parent=133701"}],"wp:term":[{"taxonomy":"category","embeddable":true,"href":"https:\/\/plazajuarez.mx\/historico\/wp-json\/wp\/v2\/categories?post=133701"},{"taxonomy":"post_tag","embeddable":true,"href":"https:\/\/plazajuarez.mx\/historico\/wp-json\/wp\/v2\/tags?post=133701"}],"curies":[{"name":"wp","href":"https:\/\/api.w.org\/{rel}","templated":true}]}}