{"id":133644,"date":"2020-09-23T10:06:57","date_gmt":"2020-09-23T15:06:57","guid":{"rendered":"https:\/\/plazajuarez.mx\/?p=133644"},"modified":"2020-09-23T10:07:15","modified_gmt":"2020-09-23T15:07:15","slug":"edmundo-ramirez-no-tiene-el-respaldo-de-ningun-militante-del-pri-carlos-eduardo-portillo","status":"publish","type":"post","link":"https:\/\/plazajuarez.mx\/historico\/edmundo-ramirez-no-tiene-el-respaldo-de-ningun-militante-del-pri-carlos-eduardo-portillo\/","title":{"rendered":"Edmundo Ram\u00edrez no tiene el respaldo de ning\u00fan militante del PRI: Carlos Eduardo Portillo"},"content":{"rendered":"\n<p class=\"wp-block-paragraph\">\u201cYa basta de mentiras, Edmundo Ram\u00edrez se siente perdido y lo \u00fanico que hace es expresar cosas sin sustento, adem\u00e1s no cuenta con el respaldo de ning\u00fan militante priista, por el contrario, es recordado por ser una persona desleal y convenenciera\u201d.<\/p>\n\n\n\n<p class=\"wp-block-paragraph\">As\u00ed lo expres\u00f3 Carlos Eduardo Portillo, presidente del Comit\u00e9 Municipal del Partido Revolucionario Institucional (PRI) de Ixmiquilpan, luego de que el candidato de la Coalici\u00f3n PAN-PRD Edmundo Ram\u00edrez se\u00f1alara que su candidatura es impulsada por priistas de la regi\u00f3n del Valle del Mezquital y por un alto funcionario de la administraci\u00f3n estatal.<\/p>\n\n\n\n<p class=\"wp-block-paragraph\">El lider priista, subray\u00f3 que es mentira que Edmundo cuente con el respaldo del PRI para apuntalar su campa\u00f1a, ya que, dijo, est\u00e1 desesperado porque no levanta a\u00fan con lo que ha invertido en las redes sociales y se\u00f1al\u00f3 que a los priistas no se les olvida las veces en que contendi\u00f3 como diputado local y federal sin el mayor m\u00e9rito que cargar portafolios y salamer\u00eda.<\/p>\n\n\n\n<p class=\"wp-block-paragraph\">\u201cEste pesonaje no es bien visto en Ixmiquilpan, aqu\u00ed no tiene sus or\u00edgenes, lleva d\u00e9cadas viviendo en la capital, no tiene trabajo pol\u00edtico, nunca cumpli\u00f3 con las promesas que hizo a la ciudadan\u00eda, es un farsante, y como representante popular no tiene m\u00e9rito alguno del cual deba sentise orgulloso, por el contrario, la gente sabe que es oportunista\u201d.&nbsp;<\/p>\n\n\n\n<p class=\"wp-block-paragraph\">Eduardo Portillo fustig\u00f3 que del candidato en cuesti\u00f3n hay muchos elementos que lo exhiben como una persona problem\u00e1tica, desleal, traicionera y sin oportunidades para ganar en el municipio de Ixmiquilpan<\/p>\n\n\n\n<p class=\"wp-block-paragraph\">\u201cHoy la hipocres\u00eda y la ambici\u00f3n lo definen, cuando ya no pudo lucrar con el PRI lo abandona y dice ser el candidato que cobija un alto funcionario estatal, nada m\u00e1s falso que eso, es vergonzoso, m\u00e1s bien es su desesperaci\u00f3n la que lo lleva a acrecentar su mitoman\u00eda. Deber\u00eda estar preocupado por resolver temas de reconocimiento de hijos y pensiones antes de aspirar a la responsabilidad de gobernar\u201d.<\/p>\n","protected":false},"excerpt":{"rendered":"<p>\u201cYa basta de mentiras, Edmundo Ram\u00edrez se siente perdido y lo \u00fanico que hace es expresar cosas sin sustento, adem\u00e1s no cuenta con el respaldo de ning\u00fan militante priista, por el contrario, es recordado por ser una persona desleal y convenenciera\u201d. As\u00ed lo expres\u00f3 Carlos Eduardo Portillo, presidente del Comit\u00e9 Municipal del Partido Revolucionario Institucional [&hellip;]<\/p>\n","protected":false},"author":93,"featured_media":133645,"comment_status":"closed","ping_status":"open","sticky":false,"template":"","format":"standard","meta":{"footnotes":""},"categories":[40],"tags":[],"class_list":["post-133644","post","type-post","status-publish","format-standard","has-post-thumbnail","hentry","category-region"],"_links":{"self":[{"href":"https:\/\/plazajuarez.mx\/historico\/wp-json\/wp\/v2\/posts\/133644","targetHints":{"allow":["GET"]}}],"collection":[{"href":"https:\/\/plazajuarez.mx\/historico\/wp-json\/wp\/v2\/posts"}],"about":[{"href":"https:\/\/plazajuarez.mx\/historico\/wp-json\/wp\/v2\/types\/post"}],"author":[{"embeddable":true,"href":"https:\/\/plazajuarez.mx\/historico\/wp-json\/wp\/v2\/users\/93"}],"replies":[{"embeddable":true,"href":"https:\/\/plazajuarez.mx\/historico\/wp-json\/wp\/v2\/comments?post=133644"}],"version-history":[{"count":0,"href":"https:\/\/plazajuarez.mx\/historico\/wp-json\/wp\/v2\/posts\/133644\/revisions"}],"wp:featuredmedia":[{"embeddable":true,"href":"https:\/\/plazajuarez.mx\/historico\/wp-json\/wp\/v2\/media\/133645"}],"wp:attachment":[{"href":"https:\/\/plazajuarez.mx\/historico\/wp-json\/wp\/v2\/media?parent=133644"}],"wp:term":[{"taxonomy":"category","embeddable":true,"href":"https:\/\/plazajuarez.mx\/historico\/wp-json\/wp\/v2\/categories?post=133644"},{"taxonomy":"post_tag","embeddable":true,"href":"https:\/\/plazajuarez.mx\/historico\/wp-json\/wp\/v2\/tags?post=133644"}],"curies":[{"name":"wp","href":"https:\/\/api.w.org\/{rel}","templated":true}]}}