{"id":133605,"date":"2020-09-23T09:29:31","date_gmt":"2020-09-23T14:29:31","guid":{"rendered":"https:\/\/plazajuarez.mx\/?p=133605"},"modified":"2020-09-23T09:29:31","modified_gmt":"2020-09-23T14:29:31","slug":"sin-mi-gestion-serian-millones-de-muertos-trump","status":"publish","type":"post","link":"https:\/\/plazajuarez.mx\/historico\/sin-mi-gestion-serian-millones-de-muertos-trump\/","title":{"rendered":"&#8220;Sin mi gesti\u00f3n, ser\u00edan millones de muertos&#8221;: Trump"},"content":{"rendered":"\n<p class=\"wp-block-paragraph\">El Universal.-&nbsp; El presidente estadounidense, Donald Trump, asegur\u00f3 este martes que gracias a su gesti\u00f3n, no hay &#8220;millones de muertos&#8221; en el pa\u00eds por coronavirus.<\/p>\n\n\n\n<p class=\"wp-block-paragraph\">Cuestionado sobre el hecho de que Estados Unidos rebas\u00f3 la cifra de 200 mil decesos por Covid-19, Trump dijo que &#8220;bueno, creo que es una pena&#8221;.<\/p>\n\n\n\n<p class=\"wp-block-paragraph\">Sin embargo, defendi\u00f3, como siempre hace, el manejo que ha hecho de la crisis, que tiene a Estados Unidos como el pa\u00eds m\u00e1s golpeado por la pandemia.<\/p>\n\n\n\n<p class=\"wp-block-paragraph\">&#8220;Creo que si no lo hubi\u00e9ramos hecho de forma adecuada, tendr\u00edamos dos millones y medio de muertos. Si miras las alternativas, tendr\u00edas dos y medio millones de muertos, algo as\u00ed&#8221;. Luego, culp\u00f3 a China, donde se origin\u00f3 el virus, por la situaci\u00f3n.<\/p>\n\n\n\n<p class=\"wp-block-paragraph\">&#8220;Vieron mi discurso ante la ONU. China debi\u00f3 detenerlo en sus fronteras. Nunca debieron dejar que esto se extendiera por todo el mundo, es una cosa terrible&#8221;.<\/p>\n\n\n\n<p class=\"wp-block-paragraph\">En marzo, cuando la pandemia estaba en uno de sus puntos m\u00e1s altos, Trump dijo que si la cifra de fallecidos no pasaba de los 200 mil, podr\u00eda decirse que hizo &#8220;un gran trabajo&#8221;.<\/p>\n\n\n\n<p class=\"wp-block-paragraph\">Pero ya en mayo, viendo la situaci\u00f3n, tuite\u00f3: &#8220;Para todos los pol\u00edticos de pacotilla que hay por ah\u00ed, si no hubiera hecho mi trabajo bien y pronto habr\u00edamos perdido a un mill\u00f3n y medio o dos millones de personas&#8221;.<\/p>\n","protected":false},"excerpt":{"rendered":"<p>El Universal.-&nbsp; El presidente estadounidense, Donald Trump, asegur\u00f3 este martes que gracias a su gesti\u00f3n, no hay &#8220;millones de muertos&#8221; en el pa\u00eds por coronavirus. Cuestionado sobre el hecho de que Estados Unidos rebas\u00f3 la cifra de 200 mil decesos por Covid-19, Trump dijo que &#8220;bueno, creo que es una pena&#8221;. Sin embargo, defendi\u00f3, como [&hellip;]<\/p>\n","protected":false},"author":81,"featured_media":133615,"comment_status":"closed","ping_status":"open","sticky":false,"template":"","format":"standard","meta":{"footnotes":""},"categories":[31],"tags":[],"class_list":["post-133605","post","type-post","status-publish","format-standard","has-post-thumbnail","hentry","category-orbe"],"_links":{"self":[{"href":"https:\/\/plazajuarez.mx\/historico\/wp-json\/wp\/v2\/posts\/133605","targetHints":{"allow":["GET"]}}],"collection":[{"href":"https:\/\/plazajuarez.mx\/historico\/wp-json\/wp\/v2\/posts"}],"about":[{"href":"https:\/\/plazajuarez.mx\/historico\/wp-json\/wp\/v2\/types\/post"}],"author":[{"embeddable":true,"href":"https:\/\/plazajuarez.mx\/historico\/wp-json\/wp\/v2\/users\/81"}],"replies":[{"embeddable":true,"href":"https:\/\/plazajuarez.mx\/historico\/wp-json\/wp\/v2\/comments?post=133605"}],"version-history":[{"count":0,"href":"https:\/\/plazajuarez.mx\/historico\/wp-json\/wp\/v2\/posts\/133605\/revisions"}],"wp:featuredmedia":[{"embeddable":true,"href":"https:\/\/plazajuarez.mx\/historico\/wp-json\/wp\/v2\/media\/133615"}],"wp:attachment":[{"href":"https:\/\/plazajuarez.mx\/historico\/wp-json\/wp\/v2\/media?parent=133605"}],"wp:term":[{"taxonomy":"category","embeddable":true,"href":"https:\/\/plazajuarez.mx\/historico\/wp-json\/wp\/v2\/categories?post=133605"},{"taxonomy":"post_tag","embeddable":true,"href":"https:\/\/plazajuarez.mx\/historico\/wp-json\/wp\/v2\/tags?post=133605"}],"curies":[{"name":"wp","href":"https:\/\/api.w.org\/{rel}","templated":true}]}}