{"id":133596,"date":"2020-09-23T09:26:43","date_gmt":"2020-09-23T14:26:43","guid":{"rendered":"https:\/\/plazajuarez.mx\/?p=133596"},"modified":"2020-09-23T09:26:43","modified_gmt":"2020-09-23T14:26:43","slug":"cancelan-partido-amistoso-mexico-costa-rica-del-30-de-septiembre","status":"publish","type":"post","link":"https:\/\/plazajuarez.mx\/historico\/cancelan-partido-amistoso-mexico-costa-rica-del-30-de-septiembre\/","title":{"rendered":"Cancelan partido amistoso M\u00e9xico-Costa Rica del 30 de septiembre"},"content":{"rendered":"\n<p class=\"wp-block-paragraph\">\u00a0(EL UNIVERSAL).- Al no haber recibido respuesta de las autoridades de salud de Costa Rica, sobre si los jugadores deber\u00e1n guardar 14 d\u00edas de cuarentena a su regreso a su pa\u00eds, La Federaci\u00f3n Costarricense de Futbol decidi\u00f3 cancelar el juego ante su similar de M\u00e9xico programado para el pr\u00f3ximo 30 setiembre.<\/p>\n\n\n\n<p class=\"wp-block-paragraph\">En un comunicado, la Federaci\u00f3n mencion\u00f3: &#8220;Al no haber recibido a este martes 22 de setiembre respuesta oficial de las entidades del Gobierno a su solicitud para adecuar el regreso al pa\u00eds de la Selecci\u00f3n Nacional.<\/p>\n\n\n\n<p class=\"wp-block-paragraph\">&#8220;Luego de agotar todas las v\u00edas, la Fedef\u00fatbol considera que la decisi\u00f3n correcta y responsable es suspender el juego al no tener un panorama confirmado a menos de 8 d\u00edas del cotejo.<\/p>\n\n\n\n<p class=\"wp-block-paragraph\">&#8220;Nuestra organizaci\u00f3n lamenta los inconvenientes que la suspensi\u00f3n del partido le pueda causar a la Federaci\u00f3n Mexicana de F\u00fatbol y le agradece su disposici\u00f3n y paciencia en los \u00faltimos d\u00edas.<\/p>\n\n\n\n<p class=\"wp-block-paragraph\">Desde ya la Fedef\u00fatbol hace un llamado respetuoso al Gobierno para entablar conversaciones y buscar su apoyo para los fogueos que podr\u00edan presentarse en octubre y noviembre, la participaci\u00f3n de los equipos costarricenses en la Liga Concacaf y el protocolo establecido para el Torneo Nacional&#8221;, inform\u00f3 el organismo.<\/p>\n\n\n\n<p class=\"wp-block-paragraph\">En entrevista, el presidente de la Federaci\u00f3n tica, Rodolfo Villalobos, hab\u00eda dicho que el juego depender\u00eda del Ministerio de Salud costarricense, el cual nunca respondi\u00f3. La Federaci\u00f3n Mexicana de Futbol ya hab\u00eda &#8220;reservado el f\u00fatbol, que cumpl\u00eda con los debidos protocolos y tambi\u00e9n el avi\u00f3n, que era v\u00eda Houston&#8221;, al final se les hab\u00eda proporcionado un ch\u00e1rter.<\/p>\n\n\n\n<p class=\"wp-block-paragraph\">La Federaci\u00f3n Mexicana de Futbol quer\u00eda reactivar a la Selecci\u00f3n despu\u00e9s de que su \u00faltimo juego lo celebr\u00f3 en noviembre pasado en Toluca, dentro de la Liga de Naciones de la CONCACAF.<\/p>\n","protected":false},"excerpt":{"rendered":"<p>\u00a0(EL UNIVERSAL).- Al no haber recibido respuesta de las autoridades de salud de Costa Rica, sobre si los jugadores deber\u00e1n guardar 14 d\u00edas de cuarentena a su regreso a su pa\u00eds, La Federaci\u00f3n Costarricense de Futbol decidi\u00f3 cancelar el juego ante su similar de M\u00e9xico programado para el pr\u00f3ximo 30 setiembre. En un comunicado, la [&hellip;]<\/p>\n","protected":false},"author":81,"featured_media":133612,"comment_status":"closed","ping_status":"open","sticky":false,"template":"","format":"standard","meta":{"footnotes":""},"categories":[39],"tags":[],"class_list":["post-133596","post","type-post","status-publish","format-standard","has-post-thumbnail","hentry","category-deportiva"],"_links":{"self":[{"href":"https:\/\/plazajuarez.mx\/historico\/wp-json\/wp\/v2\/posts\/133596","targetHints":{"allow":["GET"]}}],"collection":[{"href":"https:\/\/plazajuarez.mx\/historico\/wp-json\/wp\/v2\/posts"}],"about":[{"href":"https:\/\/plazajuarez.mx\/historico\/wp-json\/wp\/v2\/types\/post"}],"author":[{"embeddable":true,"href":"https:\/\/plazajuarez.mx\/historico\/wp-json\/wp\/v2\/users\/81"}],"replies":[{"embeddable":true,"href":"https:\/\/plazajuarez.mx\/historico\/wp-json\/wp\/v2\/comments?post=133596"}],"version-history":[{"count":0,"href":"https:\/\/plazajuarez.mx\/historico\/wp-json\/wp\/v2\/posts\/133596\/revisions"}],"wp:featuredmedia":[{"embeddable":true,"href":"https:\/\/plazajuarez.mx\/historico\/wp-json\/wp\/v2\/media\/133612"}],"wp:attachment":[{"href":"https:\/\/plazajuarez.mx\/historico\/wp-json\/wp\/v2\/media?parent=133596"}],"wp:term":[{"taxonomy":"category","embeddable":true,"href":"https:\/\/plazajuarez.mx\/historico\/wp-json\/wp\/v2\/categories?post=133596"},{"taxonomy":"post_tag","embeddable":true,"href":"https:\/\/plazajuarez.mx\/historico\/wp-json\/wp\/v2\/tags?post=133596"}],"curies":[{"name":"wp","href":"https:\/\/api.w.org\/{rel}","templated":true}]}}