{"id":133592,"date":"2020-09-23T09:24:05","date_gmt":"2020-09-23T14:24:05","guid":{"rendered":"https:\/\/plazajuarez.mx\/?p=133592"},"modified":"2020-09-23T09:24:05","modified_gmt":"2020-09-23T14:24:05","slug":"buscan-en-mexicali-a-uno-de-los-43-de-ayotzinapa-desaparecidos","status":"publish","type":"post","link":"https:\/\/plazajuarez.mx\/historico\/buscan-en-mexicali-a-uno-de-los-43-de-ayotzinapa-desaparecidos\/","title":{"rendered":"Buscan en Mexicali a uno de los 43 de Ayotzinapa desaparecidos"},"content":{"rendered":"\n<p class=\"wp-block-paragraph\">La Comisi\u00f3n Local de B\u00fasqueda de Baja California inici\u00f3 un operativo en Mexicali para confirmar o descartar si Jos\u00e9 Antonio Tizapa Leguide\u00f1o -uno de los 43 normalistas desaparecidos en Ayotzinapa, Guerrero, en septiembre de 2014- se encuentra en el municipio.<\/p>\n\n\n\n<p class=\"wp-block-paragraph\">El 15 de septiembre pasado la Secretar\u00eda de Gobernaci\u00f3n (SEGOB), a trav\u00e9s de la Comisi\u00f3n Nacional de B\u00fasqueda, envi\u00f3 un documento dirigido a la dependencia local en la que solicit\u00f3 al equipo de buscadores coordinarse para realizar una b\u00fasqueda en la capital del estado, luego de que familiares vieran la fotograf\u00eda de un joven con parecido al estudiante de la normal.<\/p>\n\n\n\n<p class=\"wp-block-paragraph\">De acuerdo con la petici\u00f3n, el operativo inici\u00f3 el 21 y terminar\u00e1 este 23 de septiembre en el parque \u201cEl Mariachi\u201d, ya que en ese punto fue fotografiada la persona que mantiene caracter\u00edsticas f\u00edsicas similares a las de Tizapa Leguide\u00f1o.<\/p>\n\n\n\n<p class=\"wp-block-paragraph\">Fue la propia familia del joven quien observ\u00f3 la imagen a trav\u00e9s de redes sociales y pidi\u00f3 el apoyo de la Comisi\u00f3n Nacional. El operativo de b\u00fasqueda es en vida y en \u00e9l participa la dependencia federal y estatal, adem\u00e1s de personal de la Fiscal\u00eda General del Estado, la Guardia Nacional y la Direcci\u00f3n de Seguridad P\u00fablica de Mexicali.<\/p>\n\n\n\n<p class=\"wp-block-paragraph\">Tambi\u00e9n colaboran voluntarios de los colectivos que son el brazo de apoyo en las b\u00fasquedas de la Comisi\u00f3n Local de B\u00fasqueda de Baja California, as\u00ed como familiares del normalista quienes viajaron al municipio en la frontera con Estados Unidos.<\/p>\n","protected":false},"excerpt":{"rendered":"<p>La Comisi\u00f3n Local de B\u00fasqueda de Baja California inici\u00f3 un operativo en Mexicali para confirmar o descartar si Jos\u00e9 Antonio Tizapa Leguide\u00f1o -uno de los 43 normalistas desaparecidos en Ayotzinapa, Guerrero, en septiembre de 2014- se encuentra en el municipio. El 15 de septiembre pasado la Secretar\u00eda de Gobernaci\u00f3n (SEGOB), a trav\u00e9s de la Comisi\u00f3n [&hellip;]<\/p>\n","protected":false},"author":81,"featured_media":133608,"comment_status":"closed","ping_status":"open","sticky":false,"template":"","format":"standard","meta":{"footnotes":""},"categories":[37],"tags":[],"class_list":["post-133592","post","type-post","status-publish","format-standard","has-post-thumbnail","hentry","category-barandilla"],"_links":{"self":[{"href":"https:\/\/plazajuarez.mx\/historico\/wp-json\/wp\/v2\/posts\/133592","targetHints":{"allow":["GET"]}}],"collection":[{"href":"https:\/\/plazajuarez.mx\/historico\/wp-json\/wp\/v2\/posts"}],"about":[{"href":"https:\/\/plazajuarez.mx\/historico\/wp-json\/wp\/v2\/types\/post"}],"author":[{"embeddable":true,"href":"https:\/\/plazajuarez.mx\/historico\/wp-json\/wp\/v2\/users\/81"}],"replies":[{"embeddable":true,"href":"https:\/\/plazajuarez.mx\/historico\/wp-json\/wp\/v2\/comments?post=133592"}],"version-history":[{"count":0,"href":"https:\/\/plazajuarez.mx\/historico\/wp-json\/wp\/v2\/posts\/133592\/revisions"}],"wp:featuredmedia":[{"embeddable":true,"href":"https:\/\/plazajuarez.mx\/historico\/wp-json\/wp\/v2\/media\/133608"}],"wp:attachment":[{"href":"https:\/\/plazajuarez.mx\/historico\/wp-json\/wp\/v2\/media?parent=133592"}],"wp:term":[{"taxonomy":"category","embeddable":true,"href":"https:\/\/plazajuarez.mx\/historico\/wp-json\/wp\/v2\/categories?post=133592"},{"taxonomy":"post_tag","embeddable":true,"href":"https:\/\/plazajuarez.mx\/historico\/wp-json\/wp\/v2\/tags?post=133592"}],"curies":[{"name":"wp","href":"https:\/\/api.w.org\/{rel}","templated":true}]}}