{"id":133451,"date":"2020-09-22T07:08:52","date_gmt":"2020-09-22T12:08:52","guid":{"rendered":"https:\/\/plazajuarez.mx\/?p=133451"},"modified":"2020-09-22T07:11:59","modified_gmt":"2020-09-22T12:11:59","slug":"no-a-la-guerra-sucia-dice-israel-felix-soto","status":"publish","type":"post","link":"https:\/\/plazajuarez.mx\/historico\/no-a-la-guerra-sucia-dice-israel-felix-soto\/","title":{"rendered":"No a la guerra sucia, dice Israel F\u00e9lix Soto"},"content":{"rendered":"\n<p>El candidato a la presidencia municipal de Mineral de la Reforma, Israel F\u00e9lix Soto, inform\u00f3 que en la actualidad la poblaci\u00f3n est\u00e1 harta de las denostaciones y la guerra sucia, por lo que enfatiz\u00f3 que no es tiempo de actuar as\u00ed ya que al final del d\u00eda las propuestas y resultados son la mejor estrategia.&nbsp;<\/p>\n\n\n\n<p>\u201cLa gente sabe que podemos trabajar, que no necesitamos este tipo de acciones cuando tenemos mucho trabajo que nos respalda, no nos vamos a dedicar a hacer este tipo de acciones, son m\u00e1s atractivas las propuestas que cualquier declaraci\u00f3n en contra de los candidatos\u201d, dijo.<\/p>\n\n\n\n<p>Y destac\u00f3 que los se\u00f1alamientos hechos en contra del presidente municipal saliente, derivado de la situaci\u00f3n en la que dej\u00f3 al municipio derivaron de todo lo que se ha vivido en los primeros d\u00edas de campa\u00f1a pol\u00edtica, de saber que hab\u00eda mucha gente que no sab\u00eda de todos lo que se hab\u00eda cometido en administraciones anteriores.<\/p>\n\n\n\n<p>En conferencia de prensa, el candidato apunt\u00f3 que todos los se\u00f1alamientos se&nbsp; acabar\u00e1n cuando llegue a la presidencia municipal y enfatiz\u00f3 \u201cevitaremos echar culpas para generar excusas y no dar resultados, eso no va con Israel F\u00e9lix, vamos a trabajar en pro de los beneficios que la gente necesita en Mineral de la Reforma.&nbsp;<\/p>\n","protected":false},"excerpt":{"rendered":"<p>El candidato a la presidencia municipal de Mineral de la Reforma, Israel F\u00e9lix Soto, inform\u00f3 que en la actualidad la poblaci\u00f3n est\u00e1 harta de las denostaciones y la guerra sucia, por lo que enfatiz\u00f3 que no es tiempo de actuar as\u00ed ya que al final del d\u00eda las propuestas y resultados son la mejor estrategia.&nbsp; [&hellip;]<\/p>\n","protected":false},"author":72,"featured_media":133453,"comment_status":"closed","ping_status":"open","sticky":false,"template":"","format":"standard","meta":{"footnotes":""},"categories":[15,59],"tags":[],"class_list":["post-133451","post","type-post","status-publish","format-standard","has-post-thumbnail","hentry","category-destacadas","category-general"],"_links":{"self":[{"href":"https:\/\/plazajuarez.mx\/historico\/wp-json\/wp\/v2\/posts\/133451","targetHints":{"allow":["GET"]}}],"collection":[{"href":"https:\/\/plazajuarez.mx\/historico\/wp-json\/wp\/v2\/posts"}],"about":[{"href":"https:\/\/plazajuarez.mx\/historico\/wp-json\/wp\/v2\/types\/post"}],"author":[{"embeddable":true,"href":"https:\/\/plazajuarez.mx\/historico\/wp-json\/wp\/v2\/users\/72"}],"replies":[{"embeddable":true,"href":"https:\/\/plazajuarez.mx\/historico\/wp-json\/wp\/v2\/comments?post=133451"}],"version-history":[{"count":0,"href":"https:\/\/plazajuarez.mx\/historico\/wp-json\/wp\/v2\/posts\/133451\/revisions"}],"wp:featuredmedia":[{"embeddable":true,"href":"https:\/\/plazajuarez.mx\/historico\/wp-json\/wp\/v2\/media\/133453"}],"wp:attachment":[{"href":"https:\/\/plazajuarez.mx\/historico\/wp-json\/wp\/v2\/media?parent=133451"}],"wp:term":[{"taxonomy":"category","embeddable":true,"href":"https:\/\/plazajuarez.mx\/historico\/wp-json\/wp\/v2\/categories?post=133451"},{"taxonomy":"post_tag","embeddable":true,"href":"https:\/\/plazajuarez.mx\/historico\/wp-json\/wp\/v2\/tags?post=133451"}],"curies":[{"name":"wp","href":"https:\/\/api.w.org\/{rel}","templated":true}]}}