{"id":133445,"date":"2020-09-22T07:03:05","date_gmt":"2020-09-22T12:03:05","guid":{"rendered":"https:\/\/plazajuarez.mx\/?p=133445"},"modified":"2020-09-22T07:03:20","modified_gmt":"2020-09-22T12:03:20","slug":"pide-hilda-miranda-un-pacto-de-paz-entre-cuadros-politicos","status":"publish","type":"post","link":"https:\/\/plazajuarez.mx\/historico\/pide-hilda-miranda-un-pacto-de-paz-entre-cuadros-politicos\/","title":{"rendered":"Pide Hilda Miranda un pacto de paz entre cuadros pol\u00edticos"},"content":{"rendered":"\n<p>Hilda Miranda Miranda Candidata a la presidencia municipal de Mineral de la Reforma, por el Partido Movimiento de Regeneraci\u00f3n Nacional (Morena), quien encabeza la alianza \u201cJuntos haremos historia en Hidalgo\u201d, expuls\u00f3 a los aspirantes de los diferentes partidos pol\u00edticos en su municipio a generar un pacto que garantice tranquilidad para la ciudadan\u00eda en las pr\u00f3ximas elecciones del 18 de octubre.&nbsp;<\/p>\n\n\n\n<p>\u201cHacemos un llamado a la integraci\u00f3n, unidad, trabajo y respeto entre candidatos y partidos pol\u00edticos, en el D\u00eda Internacional de la Paz, quiero llamar a un pacto de unidad entre los dem\u00e1s aspirantes, ya que las y los ciudadanos de Mineral de la Reforma merecemos elecciones en paz, que permitan un proceso tranquilo en las pr\u00f3ximas elecciones del 18 de octubre\u201d expus\u00f3 la exdiputada federal.&nbsp;<\/p>\n\n\n\n<p>As\u00ed mismo Hilda Miranda expres\u00f3 que su candidatura es totalmente de unidad con sus militantes y asegur\u00f3 que el trabajo que realizar\u00e1 en las campa\u00f1as electorales no es de un solo personaje, si no de todos los afiliados a su partido pol\u00edtico.&nbsp;<\/p>\n\n\n\n<p>Por \u00faltimo anunci\u00f3 que acept\u00f3 la propuesta del Instituto Nacional Electoral para participar en los debates electorales que se realizar\u00e1n en los pr\u00f3ximos d\u00edas, con el principal objetivo de llevar sus propuestas a la sociedad y consolidar un proyecto de transformaci\u00f3n en el municipio de Mineral de la Reforma.&nbsp;<\/p>\n\n\n\n<p>Cabe mencionar que Hidal Miranda encabeza en Mineral de la Reforma la alianza \u201cJuntos haremos historia en Hidalgo\u201d, en coalici\u00f3n con el Partido del Trabajo (PT), Verde Ecologista de M\u00e9xico (PVEM) y Encuentro social de Hidalgo (PESH).&nbsp;<\/p>\n","protected":false},"excerpt":{"rendered":"<p>Hilda Miranda Miranda Candidata a la presidencia municipal de Mineral de la Reforma, por el Partido Movimiento de Regeneraci\u00f3n Nacional (Morena), quien encabeza la alianza \u201cJuntos haremos historia en Hidalgo\u201d, expuls\u00f3 a los aspirantes de los diferentes partidos pol\u00edticos en su municipio a generar un pacto que garantice tranquilidad para la ciudadan\u00eda en las pr\u00f3ximas [&hellip;]<\/p>\n","protected":false},"author":93,"featured_media":133446,"comment_status":"closed","ping_status":"open","sticky":false,"template":"","format":"standard","meta":{"footnotes":""},"categories":[59],"tags":[],"class_list":["post-133445","post","type-post","status-publish","format-standard","has-post-thumbnail","hentry","category-general"],"_links":{"self":[{"href":"https:\/\/plazajuarez.mx\/historico\/wp-json\/wp\/v2\/posts\/133445","targetHints":{"allow":["GET"]}}],"collection":[{"href":"https:\/\/plazajuarez.mx\/historico\/wp-json\/wp\/v2\/posts"}],"about":[{"href":"https:\/\/plazajuarez.mx\/historico\/wp-json\/wp\/v2\/types\/post"}],"author":[{"embeddable":true,"href":"https:\/\/plazajuarez.mx\/historico\/wp-json\/wp\/v2\/users\/93"}],"replies":[{"embeddable":true,"href":"https:\/\/plazajuarez.mx\/historico\/wp-json\/wp\/v2\/comments?post=133445"}],"version-history":[{"count":0,"href":"https:\/\/plazajuarez.mx\/historico\/wp-json\/wp\/v2\/posts\/133445\/revisions"}],"wp:featuredmedia":[{"embeddable":true,"href":"https:\/\/plazajuarez.mx\/historico\/wp-json\/wp\/v2\/media\/133446"}],"wp:attachment":[{"href":"https:\/\/plazajuarez.mx\/historico\/wp-json\/wp\/v2\/media?parent=133445"}],"wp:term":[{"taxonomy":"category","embeddable":true,"href":"https:\/\/plazajuarez.mx\/historico\/wp-json\/wp\/v2\/categories?post=133445"},{"taxonomy":"post_tag","embeddable":true,"href":"https:\/\/plazajuarez.mx\/historico\/wp-json\/wp\/v2\/tags?post=133445"}],"curies":[{"name":"wp","href":"https:\/\/api.w.org\/{rel}","templated":true}]}}