{"id":133433,"date":"2020-09-22T06:53:21","date_gmt":"2020-09-22T11:53:21","guid":{"rendered":"https:\/\/plazajuarez.mx\/?p=133433"},"modified":"2020-09-22T06:53:33","modified_gmt":"2020-09-22T11:53:33","slug":"alfil-negro-1922","status":"publish","type":"post","link":"https:\/\/plazajuarez.mx\/historico\/alfil-negro-1922\/","title":{"rendered":"ALFIL NEGRO"},"content":{"rendered":"\n<h2 class=\"wp-block-heading\">AS\u00cd Y AS\u00cd LOS CANDIDATOS<\/h2>\n\n\n\n<!--more-->\n\n\n\n<p>M\u00e1s de 17 d\u00edas de campa\u00f1as, y&nbsp; la verdad por muchas causas no se ven ni se sienten mucho los candidatos, que tampoco se puede negar hacen su lucha, pero que sin posibilidades de estar en contacto con los ciudadanos, ven mermadas sus posibilidades de campa\u00f1as porque se pierden los mensajes visuales de gran apoyo, cuando se puede reunir a los simpatizantes, para mostrar la fuerza que se tiene.<\/p>\n\n\n\n<p>Sin ese campo de acci\u00f3n, por la pandemia, se tuvo que recurrir a los medios electr\u00f3nicos&nbsp; para hacer campa\u00f1a, en algunos casos con aciertos y en otros no tanto.<\/p>\n\n\n\n<p>No se debe perder de vista, que todos los partidos estaban avisados de que las campa\u00f1as ser\u00edan muy limitadas en el contacto con la gente, y que por lo mismo la apuesta deb\u00eda de ir por el terreno del internet, de la radio y de la televisi\u00f3n, en lo que la televisi\u00f3n&nbsp; del estado debe jugar un papel fuerte en favor de la democracia, y lo mismo la radio estatal.<\/p>\n\n\n\n<p>El IEEH por su parte, con buen tino, promueve debates entre los candidatos, que no todos aceptan y se dan con poco sentido de debate, por lo que es m\u00e1s bien un espacio de publicidad y no de di\u00e1logo, en que se de la exposici\u00f3n de razones por las cuales se rechaza una propuesta y se aprueba otra.<\/p>\n\n\n\n<p>Y as\u00ed se van los d\u00edas de campa\u00f1a , sin que se vea mucha creatividad&nbsp; en la mayor\u00eda ,porque en algunos s\u00ed se nota que saben lo que est\u00e1n haciendo.<\/p>\n\n\n\n<p>El resultado de pobres campa\u00f1as, es que el 18 de octubre haya una fuerte abstenci\u00f3n, porque al temor que crea la pandemia se debe sumar el poco inter\u00e9s&nbsp; que provocan las campa\u00f1as.<\/p>\n\n\n\n<p>Queda m\u00e1s de 20 d\u00edas de campa\u00f1a, tiempo suficiente para mejorar&nbsp; esta parte importante de la elecci\u00f3n.<\/p>\n\n\n\n<p>Al final nadie se queje, porque cada partido y cada candidato cosechar\u00e1 lo que siembre.<\/p>\n\n\n\n<p>S\u00famele al poco impacto de las campa\u00f1as, el relajo que se traen ciertos partidos, sobre todo Morena, para&nbsp; tener una imagen de lo que puede pasar el 18 de octubre.<\/p>\n\n\n\n<p>No se vale, que como ya es costumbre , los que pierdan se llamen robados y lo que se acostumbra en esos casos.<\/p>\n","protected":false},"excerpt":{"rendered":"<p>AS\u00cd Y AS\u00cd LOS CANDIDATOS<\/p>\n","protected":false},"author":83,"featured_media":0,"comment_status":"closed","ping_status":"open","sticky":false,"template":"","format":"standard","meta":{"footnotes":""},"categories":[48,42],"tags":[],"class_list":["post-133433","post","type-post","status-publish","format-standard","hentry","category-adalberto-peralta","category-nuestrapalabra"],"_links":{"self":[{"href":"https:\/\/plazajuarez.mx\/historico\/wp-json\/wp\/v2\/posts\/133433","targetHints":{"allow":["GET"]}}],"collection":[{"href":"https:\/\/plazajuarez.mx\/historico\/wp-json\/wp\/v2\/posts"}],"about":[{"href":"https:\/\/plazajuarez.mx\/historico\/wp-json\/wp\/v2\/types\/post"}],"author":[{"embeddable":true,"href":"https:\/\/plazajuarez.mx\/historico\/wp-json\/wp\/v2\/users\/83"}],"replies":[{"embeddable":true,"href":"https:\/\/plazajuarez.mx\/historico\/wp-json\/wp\/v2\/comments?post=133433"}],"version-history":[{"count":0,"href":"https:\/\/plazajuarez.mx\/historico\/wp-json\/wp\/v2\/posts\/133433\/revisions"}],"wp:attachment":[{"href":"https:\/\/plazajuarez.mx\/historico\/wp-json\/wp\/v2\/media?parent=133433"}],"wp:term":[{"taxonomy":"category","embeddable":true,"href":"https:\/\/plazajuarez.mx\/historico\/wp-json\/wp\/v2\/categories?post=133433"},{"taxonomy":"post_tag","embeddable":true,"href":"https:\/\/plazajuarez.mx\/historico\/wp-json\/wp\/v2\/tags?post=133433"}],"curies":[{"name":"wp","href":"https:\/\/api.w.org\/{rel}","templated":true}]}}