{"id":132850,"date":"2020-09-17T09:30:59","date_gmt":"2020-09-17T14:30:59","guid":{"rendered":"https:\/\/plazajuarez.mx\/?p=132850"},"modified":"2020-09-17T09:35:17","modified_gmt":"2020-09-17T14:35:17","slug":"no-hubo-mala-fe-en-destruccion-de-mural-vicente-charrez","status":"publish","type":"post","link":"https:\/\/plazajuarez.mx\/historico\/no-hubo-mala-fe-en-destruccion-de-mural-vicente-charrez\/","title":{"rendered":"\u201cNo hubo mala fe en destrucci\u00f3n de mural\u201d: Vicente Charrez"},"content":{"rendered":"\n<p><strong>Ixmiquilpan<\/strong>.- El candidato del Partido del Trabajo (PT), Vicente Charrez Pedraza, rechaz\u00f3 que su equipo haya actuado de mala fe, destruyendo un mural en una barda ubicada en el barrio de El Fitzhi, lo cual gener\u00f3 molestia entre los ciudadanos y la comunidad cultural del municipio.&nbsp;<\/p>\n\n\n\n<p>\u201cNosotros no lo sobrepusimos, el due\u00f1o nos permiti\u00f3 pintarla ya que \u00e9l es uno de nuestros simpatizantes; la barda ya se encontraba as\u00ed en blanco, con la otra parte pintada por la obra mencionada\u201d (sic).&nbsp;<\/p>\n\n\n\n<p>Se trata de una obra del artista, Niconel Ch\u00e1vez, la cual una secci\u00f3n fue reemplazada por propaganda del candidato a presidente municipal.&nbsp;<\/p>\n\n\n\n<p>Pr\u00e1cticamente la obra fue destruida, se ha denunciado en redes sociales.&nbsp;<\/p>\n\n\n\n<p>\u201cMi gobierno pretende ser incluyente, las manifestaciones y expresiones art\u00edsticas las valoro mucho porque contribuyen en el desarrollo humano, es importante destinar espacios a artistas, promover su trabajo y que sean reconocidos y puedan vivir de ello honrosamente\u201d (sic).&nbsp;<\/p>\n\n\n\n<p>Por su parte, el artista ha recibido muestras de apoyo por parte de la poblaci\u00f3n, debido a la destrucci\u00f3n de su obra.&nbsp;<\/p>\n\n\n\n<p>Niconel Ch\u00e1vez, es un artista reconocido de este municipio. Asimismo, aunque mostr\u00f3 su indignaci\u00f3n por la destrucci\u00f3n del mural, pidi\u00f3 a los dem\u00e1s partidos y pol\u00edticos, no politizar ni lucrar con su obra ni con estos hechos.&nbsp;<\/p>\n","protected":false},"excerpt":{"rendered":"<p>Ixmiquilpan.- El candidato del Partido del Trabajo (PT), Vicente Charrez Pedraza, rechaz\u00f3 que su equipo haya actuado de mala fe, destruyendo un mural en una barda ubicada en el barrio de El Fitzhi, lo cual gener\u00f3 molestia entre los ciudadanos y la comunidad cultural del municipio.&nbsp; \u201cNosotros no lo sobrepusimos, el due\u00f1o nos permiti\u00f3 pintarla [&hellip;]<\/p>\n","protected":false},"author":75,"featured_media":132855,"comment_status":"closed","ping_status":"open","sticky":false,"template":"","format":"standard","meta":{"footnotes":""},"categories":[40],"tags":[],"class_list":["post-132850","post","type-post","status-publish","format-standard","has-post-thumbnail","hentry","category-region"],"_links":{"self":[{"href":"https:\/\/plazajuarez.mx\/historico\/wp-json\/wp\/v2\/posts\/132850","targetHints":{"allow":["GET"]}}],"collection":[{"href":"https:\/\/plazajuarez.mx\/historico\/wp-json\/wp\/v2\/posts"}],"about":[{"href":"https:\/\/plazajuarez.mx\/historico\/wp-json\/wp\/v2\/types\/post"}],"author":[{"embeddable":true,"href":"https:\/\/plazajuarez.mx\/historico\/wp-json\/wp\/v2\/users\/75"}],"replies":[{"embeddable":true,"href":"https:\/\/plazajuarez.mx\/historico\/wp-json\/wp\/v2\/comments?post=132850"}],"version-history":[{"count":0,"href":"https:\/\/plazajuarez.mx\/historico\/wp-json\/wp\/v2\/posts\/132850\/revisions"}],"wp:featuredmedia":[{"embeddable":true,"href":"https:\/\/plazajuarez.mx\/historico\/wp-json\/wp\/v2\/media\/132855"}],"wp:attachment":[{"href":"https:\/\/plazajuarez.mx\/historico\/wp-json\/wp\/v2\/media?parent=132850"}],"wp:term":[{"taxonomy":"category","embeddable":true,"href":"https:\/\/plazajuarez.mx\/historico\/wp-json\/wp\/v2\/categories?post=132850"},{"taxonomy":"post_tag","embeddable":true,"href":"https:\/\/plazajuarez.mx\/historico\/wp-json\/wp\/v2\/tags?post=132850"}],"curies":[{"name":"wp","href":"https:\/\/api.w.org\/{rel}","templated":true}]}}