{"id":132844,"date":"2020-09-17T09:28:49","date_gmt":"2020-09-17T14:28:49","guid":{"rendered":"https:\/\/plazajuarez.mx\/?p=132844"},"modified":"2020-09-17T09:29:03","modified_gmt":"2020-09-17T14:29:03","slug":"el-saneamiento-del-campo-incrementara-la-productividad-y-sabemos-como-lograrlo-anel-torres","status":"publish","type":"post","link":"https:\/\/plazajuarez.mx\/historico\/el-saneamiento-del-campo-incrementara-la-productividad-y-sabemos-como-lograrlo-anel-torres\/","title":{"rendered":"El saneamiento del campo incrementar\u00e1 la productividad y sabemos c\u00f3mo lograrlo: Anel Torres"},"content":{"rendered":"\n<p>\u201cPreservar la riqueza de la tierra para que nos permita tener cultivos sanos y rentables debe ser una tarea cotidiana en las amplias zonas de producci\u00f3n agr\u00edcola del municipio, y para ello, pondremos en marcha proyectos que nos libren del salitre y otros da\u00f1os, para as\u00ed darle una segunda vida a nuestras tierras, destac\u00f3 Anel Torres, candidata del Partido Revolucionario Institucional (PRI) a la presidencia municipal de Ixmiquilpan.<\/p>\n\n\n\n<p>La aspirante priista se reuni\u00f3 con productores agr\u00edcolas de la localidad de Juli\u00e1n Villagr\u00e1n, a quienes coment\u00f3 sobre esos procesos que necesitan las tierras. Los altos contenidos de salinidad que trae consigo las aguas de riego, han causado una paulatina disminuci\u00f3n en la calidad de los productos que se cultivan. Anel Torres, dijo que ya se encuentran dispuestos los proyectos de capacitaci\u00f3n que oriente sobre la forma de drenar las aguas y de esa manera evitar el salitre.<\/p>\n\n\n\n<p>Ixmiquilpan tiene una gran vocaci\u00f3n agr\u00edcola, que debe conjugarse con nuevas t\u00e9cnicas de saneamiento, que permitan tierras m\u00e1s rentables que generen riqueza a los campesinos, dijo la candidata quien tambi\u00e9n se comprometi\u00f3 a apoyar la regularizaci\u00f3n voluntaria de las tierras.<\/p>\n\n\n\n<p>Muchos de los problemas que se han vivido, dentro de las familias, incluso entre comunidades, es la ausencia de l\u00edmites territoriales definidos por la autoridad. Torres Bi\u00f1uelo convoc\u00f3 a los pobladores a revisar la situaci\u00f3n patrimonial checando sus documentos y llegar a acuerdos que beneficien a todos. \u201cDebemos buscar la seguridad y tranquilidad de nuestros hijos y de nuestros nietos, fincar para ellos un patrimonio firme\u201d destac\u00f3<\/p>\n\n\n\n<p>Esa certeza jur\u00eddica de que los bienes est\u00e1n amparados por las leyes, siempre ser\u00e1 un alivio al saber que la familia no tendr\u00e1 problemas m\u00e1s adelante. Y en el caso de las comunidades es igual, se debe buscar las v\u00edas pac\u00edficas y legales para que las nuevas generaciones no se enfrasquen en conflictos est\u00e9riles con sus vecinos., hoy es tiempo de asumir esa responsabilidad, enfatiz\u00f3 la abanderada Tricolor.<\/p>\n\n\n\n<p>En este sentido, plante\u00f3 el proyecto de contar con oficinas municipales que tengan la capacidad de orientar jur\u00eddicamente a las familias o a las comunidades, cuando existan dudas o desconocimiento de qu\u00e9 hacer en estos casos.<\/p>\n\n\n\n<p>\u201cLa puesta en marcha de estos y muchos proyectos de car\u00e1cter productivo podr\u00e1 ser posible en la medida de que tengamos un gobierno honesto y responsable. Para ello los invit\u00f3 a organizarse con sus vecinos y as\u00ed lograr el triunfo no de Anel Torres, sino de un pueblo que necesita recuperar su seguridad en todos.<\/p>\n","protected":false},"excerpt":{"rendered":"<p>\u201cPreservar la riqueza de la tierra para que nos permita tener cultivos sanos y rentables debe ser una tarea cotidiana en las amplias zonas de producci\u00f3n agr\u00edcola del municipio, y para ello, pondremos en marcha proyectos que nos libren del salitre y otros da\u00f1os, para as\u00ed darle una segunda vida a nuestras tierras, destac\u00f3 Anel [&hellip;]<\/p>\n","protected":false},"author":93,"featured_media":132848,"comment_status":"closed","ping_status":"open","sticky":false,"template":"","format":"standard","meta":{"footnotes":""},"categories":[40],"tags":[],"class_list":["post-132844","post","type-post","status-publish","format-standard","has-post-thumbnail","hentry","category-region"],"_links":{"self":[{"href":"https:\/\/plazajuarez.mx\/historico\/wp-json\/wp\/v2\/posts\/132844","targetHints":{"allow":["GET"]}}],"collection":[{"href":"https:\/\/plazajuarez.mx\/historico\/wp-json\/wp\/v2\/posts"}],"about":[{"href":"https:\/\/plazajuarez.mx\/historico\/wp-json\/wp\/v2\/types\/post"}],"author":[{"embeddable":true,"href":"https:\/\/plazajuarez.mx\/historico\/wp-json\/wp\/v2\/users\/93"}],"replies":[{"embeddable":true,"href":"https:\/\/plazajuarez.mx\/historico\/wp-json\/wp\/v2\/comments?post=132844"}],"version-history":[{"count":0,"href":"https:\/\/plazajuarez.mx\/historico\/wp-json\/wp\/v2\/posts\/132844\/revisions"}],"wp:featuredmedia":[{"embeddable":true,"href":"https:\/\/plazajuarez.mx\/historico\/wp-json\/wp\/v2\/media\/132848"}],"wp:attachment":[{"href":"https:\/\/plazajuarez.mx\/historico\/wp-json\/wp\/v2\/media?parent=132844"}],"wp:term":[{"taxonomy":"category","embeddable":true,"href":"https:\/\/plazajuarez.mx\/historico\/wp-json\/wp\/v2\/categories?post=132844"},{"taxonomy":"post_tag","embeddable":true,"href":"https:\/\/plazajuarez.mx\/historico\/wp-json\/wp\/v2\/tags?post=132844"}],"curies":[{"name":"wp","href":"https:\/\/api.w.org\/{rel}","templated":true}]}}