{"id":132833,"date":"2020-09-17T09:23:23","date_gmt":"2020-09-17T14:23:23","guid":{"rendered":"https:\/\/plazajuarez.mx\/?p=132833"},"modified":"2020-09-17T09:23:35","modified_gmt":"2020-09-17T14:23:35","slug":"entusiasmos-entre-los-tulancinguenses-por-las-propuestas-de-jorge-marquez","status":"publish","type":"post","link":"https:\/\/plazajuarez.mx\/historico\/entusiasmos-entre-los-tulancinguenses-por-las-propuestas-de-jorge-marquez\/","title":{"rendered":"Entusiasmos entre los tulancinguenses por las propuestas de Jorge M\u00e1rquez"},"content":{"rendered":"\n<p>Las propuestas de Jorge M\u00e1rquez Alvarado, candidato del Partido Revolucionario Institucional (PRI) a la presidencia municipal entusiasman a la poblaci\u00f3n de Tulancingo, pues valoran la experiencia y capacidad del aspirante Tricolor para hacerlas realidad, por lo que los diferentes sectores sociales le refrendan su apoyo rumbo a la jornada electoral del 18 de octubre.<\/p>\n\n\n\n<p>El candidato priista afirm\u00f3 que tendr\u00e1 como prioridad el bienestar de todos los tulancinguenses, as\u00ed lo asegur\u00f3 a vecinos de las colonias Huapalcalco, Vicente Guerrero, Francisco I. Madero, Centro y Ferrocarrilera, a quienes expuso sus propuestas de gobierno.&nbsp;<\/p>\n\n\n\n<p>En materia de seguridad, detall\u00f3 M\u00e1rquez Alvarado, se tendr\u00e1 cero tolerancia a la delincuencia y la corrupci\u00f3n, con la finalidad de recuperar el Tulancingo tranquilo, ordenado y seguro para la prosperidad que las familias merecen.<\/p>\n\n\n\n<p>En ese mismo sentido, para abonar al buen funcionamiento de los grupos de seguridad, se ofrecer\u00e1 para los elementos capacitaci\u00f3n constante y sueldos competitivos, adem\u00e1s de que se mantendr\u00e1 la vigilancia y la examinaci\u00f3n para garantizar el correcto desempe\u00f1o de todos los integrantes de la polic\u00eda.&nbsp;<\/p>\n\n\n\n<p>En sus recorridos por los barrios, colonias y comunidades del municipio, Jorge M\u00e1rquez recibe el respaldo ciudadano, as\u00ed lo expresaron tambi\u00e9n los artesanos tulancinguenses, quienes conf\u00edan y se mostraron entusiasmados por la propuesta del aspirante priista de realizar un tianguis artesanal, que les permita abrir canales de comercializaci\u00f3n y por tanto mejorar los ingresos para sus familias.<\/p>\n\n\n\n<p>El candidato priista record\u00f3 el compromiso de establecer un tianguis semanal en las instalaciones de la feria, donde tendr\u00e1n cabida artesanos, productores y comercios de comida t\u00edpica del municipio. aunado a ello, gestionar\u00e1 el acompa\u00f1amiento publicitario para dar a conocer los trabajos y el apoyo gubernamental para que sea un espacio gratuito para los trabajadores del gremio.&nbsp;<\/p>\n\n\n\n<p>Recalc\u00f3 que en esta iniciativa lo acompa\u00f1a gente con amplia experiencia en el \u00e1rea y que anteriormente ha logrado resultados, con quienes podr\u00e1 poner en marcha una estrategia integral que atraiga al turismo y genere fuentes de empleo para los habitantes de Tulancingo.<\/p>\n","protected":false},"excerpt":{"rendered":"<p>Las propuestas de Jorge M\u00e1rquez Alvarado, candidato del Partido Revolucionario Institucional (PRI) a la presidencia municipal entusiasman a la poblaci\u00f3n de Tulancingo, pues valoran la experiencia y capacidad del aspirante Tricolor para hacerlas realidad, por lo que los diferentes sectores sociales le refrendan su apoyo rumbo a la jornada electoral del 18 de octubre. El [&hellip;]<\/p>\n","protected":false},"author":93,"featured_media":132834,"comment_status":"closed","ping_status":"open","sticky":false,"template":"","format":"standard","meta":{"footnotes":""},"categories":[40],"tags":[],"class_list":["post-132833","post","type-post","status-publish","format-standard","has-post-thumbnail","hentry","category-region"],"_links":{"self":[{"href":"https:\/\/plazajuarez.mx\/historico\/wp-json\/wp\/v2\/posts\/132833","targetHints":{"allow":["GET"]}}],"collection":[{"href":"https:\/\/plazajuarez.mx\/historico\/wp-json\/wp\/v2\/posts"}],"about":[{"href":"https:\/\/plazajuarez.mx\/historico\/wp-json\/wp\/v2\/types\/post"}],"author":[{"embeddable":true,"href":"https:\/\/plazajuarez.mx\/historico\/wp-json\/wp\/v2\/users\/93"}],"replies":[{"embeddable":true,"href":"https:\/\/plazajuarez.mx\/historico\/wp-json\/wp\/v2\/comments?post=132833"}],"version-history":[{"count":0,"href":"https:\/\/plazajuarez.mx\/historico\/wp-json\/wp\/v2\/posts\/132833\/revisions"}],"wp:featuredmedia":[{"embeddable":true,"href":"https:\/\/plazajuarez.mx\/historico\/wp-json\/wp\/v2\/media\/132834"}],"wp:attachment":[{"href":"https:\/\/plazajuarez.mx\/historico\/wp-json\/wp\/v2\/media?parent=132833"}],"wp:term":[{"taxonomy":"category","embeddable":true,"href":"https:\/\/plazajuarez.mx\/historico\/wp-json\/wp\/v2\/categories?post=132833"},{"taxonomy":"post_tag","embeddable":true,"href":"https:\/\/plazajuarez.mx\/historico\/wp-json\/wp\/v2\/tags?post=132833"}],"curies":[{"name":"wp","href":"https:\/\/api.w.org\/{rel}","templated":true}]}}