{"id":132832,"date":"2020-09-17T09:26:11","date_gmt":"2020-09-17T14:26:11","guid":{"rendered":"https:\/\/plazajuarez.mx\/?p=132832"},"modified":"2020-09-17T09:26:27","modified_gmt":"2020-09-17T14:26:27","slug":"resolveremos-lo-que-cada-comunidad-necesita-alejandro-alvarez","status":"publish","type":"post","link":"https:\/\/plazajuarez.mx\/historico\/resolveremos-lo-que-cada-comunidad-necesita-alejandro-alvarez\/","title":{"rendered":"Resolveremos lo que cada comunidad necesita: Alejandro Alvarez"},"content":{"rendered":"\n<p>Cada una de las comunidades de Tula tiene sus caracter\u00edsticas y sus problem\u00e1ticas espec\u00edficas, por eso se deben recorrer una por una para que las soluciones se planeen en conjunto con la poblaci\u00f3n, as\u00ed lo destac\u00f3 Alejandro \u00c1lvarez Cer\u00f3n, candidato del PRI a la presidencia municipal.<\/p>\n\n\n\n<p>Durante su recorrido por las comunidades de Santa Mar\u00eda Ilucan, San Lucas Teacalco y Bomintzh\u00e1 el candidato del Partido Revolucionario Institucional (PRI) se\u00f1al\u00f3 que un gobierno no solo debe ser cercano a su gente, sino que debe saber escuchar y entender sus necesidades.<\/p>\n\n\n\n<p>El compa\u00f1ero de f\u00f3rmula del aspirante Tricolor, Rodrigo Vel\u00e1zquez Villalobos, puntualiz\u00f3 que la dupla que ha formado con \u00c1lvarez Cer\u00f3n representa la experiencia y la innovaci\u00f3n que Tula necesita, reconoci\u00f3 en su compa\u00f1ero su liderazgo y compromiso con la gente de la demarcaci\u00f3n.<\/p>\n\n\n\n<p>Asimismo, Alejandro \u00c1lvarez puntualiz\u00f3 que las necesidades que la poblaci\u00f3n de las diversas localidades reitera son mejores servicios de seguridad y salud, las cuales se atender\u00e1n de manera prioritaria, luego de que la voluntad ciudadana se confirme a favor del Revolucionario Institucional el pr\u00f3ximo 18 de octubre<\/p>\n\n\n\n<p>Durante su jornada el abanderado tricolor camin\u00f3 las colonias de La Guitarra y Las Nueces,&nbsp; en donde los pobladores le mostraron su respaldo y reconocieron su liderazgo. A su paso se le uni\u00f3 un grupo de j\u00f3venes, quienes acompa\u00f1aron al aspirante priista en su recorrido que concluy\u00f3 en el centro de la comunidad de Santa Mar\u00eda Ilucan, para completar otro d\u00eda de productiva y alentadora campa\u00f1a.<\/p>\n","protected":false},"excerpt":{"rendered":"<p>Cada una de las comunidades de Tula tiene sus caracter\u00edsticas y sus problem\u00e1ticas espec\u00edficas, por eso se deben recorrer una por una para que las soluciones se planeen en conjunto con la poblaci\u00f3n, as\u00ed lo destac\u00f3 Alejandro \u00c1lvarez Cer\u00f3n, candidato del PRI a la presidencia municipal. Durante su recorrido por las comunidades de Santa Mar\u00eda [&hellip;]<\/p>\n","protected":false},"author":93,"featured_media":132846,"comment_status":"closed","ping_status":"open","sticky":false,"template":"","format":"standard","meta":{"footnotes":""},"categories":[40],"tags":[],"class_list":["post-132832","post","type-post","status-publish","format-standard","has-post-thumbnail","hentry","category-region"],"_links":{"self":[{"href":"https:\/\/plazajuarez.mx\/historico\/wp-json\/wp\/v2\/posts\/132832","targetHints":{"allow":["GET"]}}],"collection":[{"href":"https:\/\/plazajuarez.mx\/historico\/wp-json\/wp\/v2\/posts"}],"about":[{"href":"https:\/\/plazajuarez.mx\/historico\/wp-json\/wp\/v2\/types\/post"}],"author":[{"embeddable":true,"href":"https:\/\/plazajuarez.mx\/historico\/wp-json\/wp\/v2\/users\/93"}],"replies":[{"embeddable":true,"href":"https:\/\/plazajuarez.mx\/historico\/wp-json\/wp\/v2\/comments?post=132832"}],"version-history":[{"count":0,"href":"https:\/\/plazajuarez.mx\/historico\/wp-json\/wp\/v2\/posts\/132832\/revisions"}],"wp:featuredmedia":[{"embeddable":true,"href":"https:\/\/plazajuarez.mx\/historico\/wp-json\/wp\/v2\/media\/132846"}],"wp:attachment":[{"href":"https:\/\/plazajuarez.mx\/historico\/wp-json\/wp\/v2\/media?parent=132832"}],"wp:term":[{"taxonomy":"category","embeddable":true,"href":"https:\/\/plazajuarez.mx\/historico\/wp-json\/wp\/v2\/categories?post=132832"},{"taxonomy":"post_tag","embeddable":true,"href":"https:\/\/plazajuarez.mx\/historico\/wp-json\/wp\/v2\/tags?post=132832"}],"curies":[{"name":"wp","href":"https:\/\/api.w.org\/{rel}","templated":true}]}}