{"id":132825,"date":"2020-09-17T09:53:49","date_gmt":"2020-09-17T14:53:49","guid":{"rendered":"https:\/\/plazajuarez.mx\/?p=132825"},"modified":"2020-09-17T09:54:06","modified_gmt":"2020-09-17T14:54:06","slug":"asesinaron-a-nina-de-10-anos-de-edad-y-a-una-mujer-en-la-gam","status":"publish","type":"post","link":"https:\/\/plazajuarez.mx\/historico\/asesinaron-a-nina-de-10-anos-de-edad-y-a-una-mujer-en-la-gam\/","title":{"rendered":"Asesinaron a ni\u00f1a de 10 a\u00f1os de edad y a una mujer en la GAM"},"content":{"rendered":"\n<p>A unas horas del Grito de Independencia, hombres armados asesinaron a dos mujeres, una de ellas de 10 a\u00f1os de edad, en la colonia Defensores de la Rep\u00fablica, alcald\u00eda Gustavo A. Madero.<\/p>\n\n\n\n<p>La noche del martes, Leonela y Jade -familiares entre si- caminaban por las calles Norte 9-A y Poniente 108, en dicha colonia de la alcald\u00eda Gustavo A. Madero.<\/p>\n\n\n\n<p>Cerca de las 20:10 horas, las mujeres fueron sorprendidas por hombres que viajaban a bordo de una motocicleta, quienes les dispararon directamente, para luego perderse entre las calles.<\/p>\n\n\n\n<p>Los vecinos en un principio confundieron los disparos con la pirotecnia de las fiestas patrias, pero luego descubrieron que las v\u00edctimas, de 32 y 10 a\u00f1os, estaban tiradas sobre la banqueta.<\/p>\n\n\n\n<p>Aunque solicitaron ambulancias de inmediato, al llegar, los param\u00e9dicos confirmaron que ambas ya hab\u00edan fallecido debido a las heridas de bala que presentaron en sus cabezas.<\/p>\n\n\n\n<p>La adulta fue identificada como Leonela Bravo, de 32 a\u00f1os, y la menor s\u00f3lo como Jade Angeline, de 10; aunque curiosos se\u00f1alaron que eran madre e hija, las autoridades no lo confirmaron.<\/p>\n\n\n\n<p>Agresores iban en moto<\/p>\n\n\n\n<p>Testigos narraron a los elementos del Sector Lindavista que s\u00f3lo alcanzaron a distinguir una motocicleta de color negro en la que los presuntos agresores se dieron a la fuga.<\/p>\n\n\n\n<p>En minutos, la zona fue rodeada por los vecinos, que ya se alistaban para el festejo del aniversario de la Independencia de M\u00e9xico.<\/p>\n\n\n\n<p>Luego de que los peritos recolectaron la evidencia y retiraron los cuerpos, el Agente del Ministerio P\u00fablico integr\u00f3 una carpeta de investigaci\u00f3n bajo el protocolo de feminicidio para esclarecer el m\u00f3vil de la agresi\u00f3n.<\/p>\n","protected":false},"excerpt":{"rendered":"<p>A unas horas del Grito de Independencia, hombres armados asesinaron a dos mujeres, una de ellas de 10 a\u00f1os de edad, en la colonia Defensores de la Rep\u00fablica, alcald\u00eda Gustavo A. Madero. La noche del martes, Leonela y Jade -familiares entre si- caminaban por las calles Norte 9-A y Poniente 108, en dicha colonia de [&hellip;]<\/p>\n","protected":false},"author":81,"featured_media":132859,"comment_status":"closed","ping_status":"open","sticky":false,"template":"","format":"standard","meta":{"footnotes":""},"categories":[37],"tags":[],"class_list":["post-132825","post","type-post","status-publish","format-standard","has-post-thumbnail","hentry","category-barandilla"],"_links":{"self":[{"href":"https:\/\/plazajuarez.mx\/historico\/wp-json\/wp\/v2\/posts\/132825","targetHints":{"allow":["GET"]}}],"collection":[{"href":"https:\/\/plazajuarez.mx\/historico\/wp-json\/wp\/v2\/posts"}],"about":[{"href":"https:\/\/plazajuarez.mx\/historico\/wp-json\/wp\/v2\/types\/post"}],"author":[{"embeddable":true,"href":"https:\/\/plazajuarez.mx\/historico\/wp-json\/wp\/v2\/users\/81"}],"replies":[{"embeddable":true,"href":"https:\/\/plazajuarez.mx\/historico\/wp-json\/wp\/v2\/comments?post=132825"}],"version-history":[{"count":0,"href":"https:\/\/plazajuarez.mx\/historico\/wp-json\/wp\/v2\/posts\/132825\/revisions"}],"wp:featuredmedia":[{"embeddable":true,"href":"https:\/\/plazajuarez.mx\/historico\/wp-json\/wp\/v2\/media\/132859"}],"wp:attachment":[{"href":"https:\/\/plazajuarez.mx\/historico\/wp-json\/wp\/v2\/media?parent=132825"}],"wp:term":[{"taxonomy":"category","embeddable":true,"href":"https:\/\/plazajuarez.mx\/historico\/wp-json\/wp\/v2\/categories?post=132825"},{"taxonomy":"post_tag","embeddable":true,"href":"https:\/\/plazajuarez.mx\/historico\/wp-json\/wp\/v2\/tags?post=132825"}],"curies":[{"name":"wp","href":"https:\/\/api.w.org\/{rel}","templated":true}]}}