{"id":132813,"date":"2020-09-17T06:55:03","date_gmt":"2020-09-17T11:55:03","guid":{"rendered":"https:\/\/plazajuarez.mx\/?p=132813"},"modified":"2020-09-17T06:55:17","modified_gmt":"2020-09-17T11:55:17","slug":"reciben-condecoracion-miguel-hidalgo-por-los-servicios-prestados-ante-emergencia-sanitaria-por-covid-19","status":"publish","type":"post","link":"https:\/\/plazajuarez.mx\/historico\/reciben-condecoracion-miguel-hidalgo-por-los-servicios-prestados-ante-emergencia-sanitaria-por-covid-19\/","title":{"rendered":"Reciben condecoraci\u00f3n Miguel Hidalgo por los servicios prestados ante emergencia sanitaria por COVID-19"},"content":{"rendered":"\n<p>Tres hidalguenses, dos m\u00e9dicos y una enfermera, integrantes del sector salud de Hidalgo, recibieron la Condecoraci\u00f3n Miguel Hidalgo con Grado Collar, por su actitud heroica, profesionalismo, alto nivel de compromiso y servicios prestados a la patria ante la emergencia sanitaria por COVID-19.<\/p>\n\n\n\n<p>Los condecorados son: el doctor Rub\u00e9n Isa\u00ed Monta\u00f1o Islas y la enfermera Elizabeth Bustamante Rodr\u00edguez, ambos trabajadores del Hospital General de Zona N\u00famero 8 de Ciudad Sahag\u00fan del Instituto Mexicano del Seguro Social (IMSS); y el doctor&nbsp; Alejandro Arreola Morales, Neum\u00f3logo del Hospital General Columba Rivera Osorio del Instituto de Seguridad y Servicios Sociales de los Trabajadores del Estado (ISSSTE).<\/p>\n\n\n\n<p>Cabe destacar que el Gobierno federal entreg\u00f3 a personal m\u00e9dico y de enfermer\u00eda de todo el sector salud 58 preseas, y el presidente Andr\u00e9s Manuel L\u00f3pez Obrador atestigu\u00f3 la entrega de estos reconocimientos, m\u00e1xima distinci\u00f3n del Estado mexicano por actos heroicos de dif\u00edcil repetici\u00f3n.<\/p>\n\n\n\n<p>Es importante recordar que la convocatoria estuvo abierta del 11 al 30 de agosto, periodo en el que fueron postuladas nueve mil 179 personas para obtener la condecoraci\u00f3n en el Grado Collar, quienes fueron propuestos por dos mil 764 pacientes dados de alta por esta enfermedad y 15 mil 711 trabajadores de la salud.<\/p>\n\n\n\n<p>El 8 de septiembre, 35 trabajadores del \u00e1rea m\u00e9dica y 23 de enfermer\u00eda, fueron seleccionados como ganadores de manera un\u00e1nime por el jurado calificador de la Condecoraci\u00f3n Miguel Hidalgo, \u00f3rgano que preside el secretario de Salud, Jorge Alcocer Varela, y que integran los titulares del IMSS, ISSSTE, INSABI e Instituto de Seguridad Social para las Fuerzas Armadas Mexicanas, el director de servicios de salud de Pemex, y representantes de SEMAR y SEDENA.<\/p>\n","protected":false},"excerpt":{"rendered":"<p>Tres hidalguenses, dos m\u00e9dicos y una enfermera, integrantes del sector salud de Hidalgo, recibieron la Condecoraci\u00f3n Miguel Hidalgo con Grado Collar, por su actitud heroica, profesionalismo, alto nivel de compromiso y servicios prestados a la patria ante la emergencia sanitaria por COVID-19. Los condecorados son: el doctor Rub\u00e9n Isa\u00ed Monta\u00f1o Islas y la enfermera Elizabeth [&hellip;]<\/p>\n","protected":false},"author":73,"featured_media":0,"comment_status":"closed","ping_status":"open","sticky":false,"template":"","format":"standard","meta":{"footnotes":""},"categories":[59],"tags":[],"class_list":["post-132813","post","type-post","status-publish","format-standard","hentry","category-general"],"_links":{"self":[{"href":"https:\/\/plazajuarez.mx\/historico\/wp-json\/wp\/v2\/posts\/132813","targetHints":{"allow":["GET"]}}],"collection":[{"href":"https:\/\/plazajuarez.mx\/historico\/wp-json\/wp\/v2\/posts"}],"about":[{"href":"https:\/\/plazajuarez.mx\/historico\/wp-json\/wp\/v2\/types\/post"}],"author":[{"embeddable":true,"href":"https:\/\/plazajuarez.mx\/historico\/wp-json\/wp\/v2\/users\/73"}],"replies":[{"embeddable":true,"href":"https:\/\/plazajuarez.mx\/historico\/wp-json\/wp\/v2\/comments?post=132813"}],"version-history":[{"count":0,"href":"https:\/\/plazajuarez.mx\/historico\/wp-json\/wp\/v2\/posts\/132813\/revisions"}],"wp:attachment":[{"href":"https:\/\/plazajuarez.mx\/historico\/wp-json\/wp\/v2\/media?parent=132813"}],"wp:term":[{"taxonomy":"category","embeddable":true,"href":"https:\/\/plazajuarez.mx\/historico\/wp-json\/wp\/v2\/categories?post=132813"},{"taxonomy":"post_tag","embeddable":true,"href":"https:\/\/plazajuarez.mx\/historico\/wp-json\/wp\/v2\/tags?post=132813"}],"curies":[{"name":"wp","href":"https:\/\/api.w.org\/{rel}","templated":true}]}}