{"id":132655,"date":"2020-09-15T08:04:37","date_gmt":"2020-09-15T13:04:37","guid":{"rendered":"https:\/\/plazajuarez.mx\/?p=132655"},"modified":"2020-09-15T08:04:53","modified_gmt":"2020-09-15T13:04:53","slug":"alfil-negro-1918","status":"publish","type":"post","link":"https:\/\/plazajuarez.mx\/historico\/alfil-negro-1918\/","title":{"rendered":"ALFIL NEGRO"},"content":{"rendered":"\n<h2 class=\"wp-block-heading\">UN &#8220;GRITO&#8221; DE SEPTIEMBRE\u00a0PARA CONTARLO DESPU\u00c9S<\/h2>\n\n\n\n<p>El &#8220;Grito&#8221; de esta noche es tan especial, tan \u00fanico, tan raro ,que cuando pasen los a\u00f1os lo contaremos y&nbsp; diremos &#8221; a m\u00ed me toc\u00f3&#8221;, y les contaremos a quienes nos escuchen, que hubo una pandemia, un virus que para el 15 de septiembre ya hab\u00eda provocado m\u00e1s de 70 mil fallecidos y cerca de 700 mil contagiados, y que el grito lo pasamos encerrados en casa, con un Presidente en el Z\u00f3calo que sali\u00f3 al balc\u00f3n presidencial para la ceremonia&nbsp; tradicional, pero sin gente, y de c\u00f3mo en nuestro estado la Plaza Ju\u00e1rez estuvo vac\u00eda y se tuvo que recurrir a la tecnolog\u00eda para celebrar las fiestas patrias,&nbsp; con 80 drones, y el apoyo de la televisi\u00f3n para ver las im\u00e1genes,&nbsp; para no salir a la calle por los contagios.<\/p>\n\n\n\n<p>No faltar\u00e1 quien pregunte, qu\u00e9 cu\u00e1nto dur\u00f3 la pandemia, y contaremos que cuando ya iban seis meses de estar encerrados en casa, el ambiente estaba tenso y con graves problemas en la econom\u00eda de todos los sectores, porque se perd\u00edan empleos y con ellos el dinero para las familias.<\/p>\n\n\n\n<p>Contaremos, de c\u00f3mo el escenario en las calles era como de novela o escenarios de ciudades o pueblos espantados, con la mayor\u00eda de la gente&nbsp; con cubrebocas y caminando aprisa para ir a casa, el \u00fanico lugar seguro contra el Covid 19.<\/p>\n\n\n\n<p>No creer\u00e1n que los partidos de futbol eran sin p\u00fablico, que los cines cerraron, lo mismo que las iglesias y balnearios, en una pintura de miedo.<\/p>\n\n\n\n<p>Seremos los sobrevivientes de la pandemia, contando lo que fue y lo que nos dej\u00f3.<\/p>\n\n\n\n<p>A la pregunta de, qu\u00e9 hizo Hidalgo para enfrentarla, diremos que fue un esfuerzo monumental y que poco a poco fuimos saliendo, pero con muchos que pasaron a mejor vida y un gran da\u00f1o a la econom\u00eda.<\/p>\n\n\n\n<p>Todo ser\u00e1n recuerdos.<\/p>\n\n\n\n<p>Porque aceptemos&nbsp; o no, somos protagonistas de un hecho hist\u00f3rico que se llama Covid 19 y que nos cambi\u00f3 la vida para siempre.&nbsp;<\/p>\n\n\n\n<p>Y parte de esos cambios es el grito de independencia, siempre con la gente alegre y festiva coreando los viva que da el mandatario, y que en esta noche no ser\u00e1 as\u00ed.<\/p>\n\n\n\n<p>Porque no es como antes. Es un hecho \u00fanico en nuestras vidas, que ser\u00e1 pasando el tiempo, motivo de pl\u00e1ticas y de recuerdos.<\/p>\n\n\n\n<p>Ojal\u00e1 y tengamos la oportunidad de platicar sobre el virus&#8230; ojal\u00e1.<\/p>\n\n\n\n<p>Felices fiestas de independencia, porque en un acto libre decidimos no estar en la calle celebrando, y eso hay que subrayarlo.<\/p>\n","protected":false},"excerpt":{"rendered":"<p>UN &#8220;GRITO&#8221; DE SEPTIEMBRE\u00a0PARA CONTARLO DESPU\u00c9S El &#8220;Grito&#8221; de esta noche es tan especial, tan \u00fanico, tan raro ,que cuando pasen los a\u00f1os lo contaremos y&nbsp; diremos &#8221; a m\u00ed me toc\u00f3&#8221;, y les contaremos a quienes nos escuchen, que hubo una pandemia, un virus que para el 15 de septiembre ya hab\u00eda provocado m\u00e1s [&hellip;]<\/p>\n","protected":false},"author":83,"featured_media":0,"comment_status":"closed","ping_status":"open","sticky":false,"template":"","format":"standard","meta":{"footnotes":""},"categories":[48,42],"tags":[],"class_list":["post-132655","post","type-post","status-publish","format-standard","hentry","category-adalberto-peralta","category-nuestrapalabra"],"_links":{"self":[{"href":"https:\/\/plazajuarez.mx\/historico\/wp-json\/wp\/v2\/posts\/132655","targetHints":{"allow":["GET"]}}],"collection":[{"href":"https:\/\/plazajuarez.mx\/historico\/wp-json\/wp\/v2\/posts"}],"about":[{"href":"https:\/\/plazajuarez.mx\/historico\/wp-json\/wp\/v2\/types\/post"}],"author":[{"embeddable":true,"href":"https:\/\/plazajuarez.mx\/historico\/wp-json\/wp\/v2\/users\/83"}],"replies":[{"embeddable":true,"href":"https:\/\/plazajuarez.mx\/historico\/wp-json\/wp\/v2\/comments?post=132655"}],"version-history":[{"count":0,"href":"https:\/\/plazajuarez.mx\/historico\/wp-json\/wp\/v2\/posts\/132655\/revisions"}],"wp:attachment":[{"href":"https:\/\/plazajuarez.mx\/historico\/wp-json\/wp\/v2\/media?parent=132655"}],"wp:term":[{"taxonomy":"category","embeddable":true,"href":"https:\/\/plazajuarez.mx\/historico\/wp-json\/wp\/v2\/categories?post=132655"},{"taxonomy":"post_tag","embeddable":true,"href":"https:\/\/plazajuarez.mx\/historico\/wp-json\/wp\/v2\/tags?post=132655"}],"curies":[{"name":"wp","href":"https:\/\/api.w.org\/{rel}","templated":true}]}}