{"id":132652,"date":"2020-09-15T07:58:23","date_gmt":"2020-09-15T12:58:23","guid":{"rendered":"https:\/\/plazajuarez.mx\/?p=132652"},"modified":"2020-09-15T07:58:35","modified_gmt":"2020-09-15T12:58:35","slug":"ni-imposicion-ni-acomodo-de-autoridades-damian-sosa","status":"publish","type":"post","link":"https:\/\/plazajuarez.mx\/historico\/ni-imposicion-ni-acomodo-de-autoridades-damian-sosa\/","title":{"rendered":"\u201cNi imposici\u00f3n, ni acomodo de autoridades\u201d: Dami\u00e1n Sosa"},"content":{"rendered":"\n<p>El candidato a la presidencia municipal de Tulancingo, por la coalici\u00f3n \u201cJuntos haremos historia\u201d, Dami\u00e1n Sosa Castel\u00e1n, asegur\u00f3 que la ciudadan\u00eda tulancinguense no permitir\u00e1 la imposici\u00f3n de un personaje, partido o instituto pol\u00edtico como autoridades electas, por lo que confi\u00f3 en el apoyo y unidad de la gente.<\/p>\n\n\n\n<p>Declar\u00f3 que, curiosamente, \u201ca nosotros el instituto electoral nos detuvo tres d\u00edas para iniciar campa\u00f1a y al tricolor, le dio luz verde desde el primer d\u00eda\u201d.&nbsp;<\/p>\n\n\n\n<p>Agreg\u00f3: \u201ca m\u00ed me dar\u00eda mucha pena que obligaran a la sociedad a tener una autoridad que no queremos, o a una autoridad impuesta, yo creo que esos tiempos ya pasaron. Anteriormente, en los 70\u2019s, en los 60\u2019s, sal\u00eda alg\u00fan actor pol\u00edtico con las siglas del Partido Revolucionario Institucional, y ya, era el candidato a la Presidencia, o a una diputaci\u00f3n \u201c.<\/p>\n\n\n\n<p>Sosa Castel\u00e1n mencion\u00f3 que hoy en d\u00eda, es bueno que haya oportunidad y opciones para las personas y los ciudadanos; \u201cen Hidalgo desgraciadamente nunca ha habido alternancia, por eso estamos as\u00ed de maltratados\u201d, subray\u00f3.<\/p>\n\n\n\n<p>\u201cVamos viendo Quer\u00e9taro, Tlaxcala, Puebla; ya hubo alternancia y se deton\u00f3; aqu\u00ed en el estado de Hidalgo desgraciadamente est\u00e1n acostumbrados a que nos tienen que imponer a las autoridades que ellos quieren\u201d, insisti\u00f3.<\/p>\n\n\n\n<p>Dijo desconocer la raz\u00f3n por la cual se baj\u00f3 Julio Soto de la candidatura del PAN, sin embargo, no descart\u00f3 \u201cquieran bajar o inventar cosas a nosotros; pero hay capacidad de organizaci\u00f3n de todos, para que, hoy en d\u00eda no se permita que nos impongan a quienes \u201cellos\u201d quieren\u201d.<\/p>\n\n\n\n<p>\u201cNo se puede permitir a que si tienen un compromiso pol\u00edtico, econ\u00f3mico o sentimental, es bronca de ellos, aqu\u00ed en Tulancingo, somos los ciudadanos, ya basta que nos impongan\u201d.<\/p>\n\n\n\n<p>\u201cSomos seres pensantes, \u00bfpor qu\u00e9 nos tienen que imponer a fuerzas y por qu\u00e9 tienen que estar bajando y acomodando las cosas para que un personaje o un actor pol\u00edtico o un instituto pol\u00edtico pueda llegar?; pero nosotros seguimos firmes y no nos vamos a bajar\u201d.<\/p>\n\n\n\n<p>\u201cCon los cuatro partidos vamos a lograr una presidencia, no para Dami\u00e1n Sosa, sino una presidencia municipal para los tulancinguenses; no es una obsesi\u00f3n, ni tampoco es una salvaci\u00f3n econ\u00f3mica\u2026 \u201ctampoco voy a decir como el ex presidente municipal, que dec\u00eda: ya me toca ser rico\u201d, esa pol\u00edtica en Dami\u00e1n Sosa no funciona, a nosotros nos funcionan los resultados\u201d, concluy\u00f3.<\/p>\n","protected":false},"excerpt":{"rendered":"<p>El candidato a la presidencia municipal de Tulancingo, por la coalici\u00f3n \u201cJuntos haremos historia\u201d, Dami\u00e1n Sosa Castel\u00e1n, asegur\u00f3 que la ciudadan\u00eda tulancinguense no permitir\u00e1 la imposici\u00f3n de un personaje, partido o instituto pol\u00edtico como autoridades electas, por lo que confi\u00f3 en el apoyo y unidad de la gente. Declar\u00f3 que, curiosamente, \u201ca nosotros el instituto [&hellip;]<\/p>\n","protected":false},"author":70,"featured_media":132659,"comment_status":"closed","ping_status":"open","sticky":false,"template":"","format":"standard","meta":{"footnotes":""},"categories":[40],"tags":[],"class_list":["post-132652","post","type-post","status-publish","format-standard","has-post-thumbnail","hentry","category-region"],"_links":{"self":[{"href":"https:\/\/plazajuarez.mx\/historico\/wp-json\/wp\/v2\/posts\/132652","targetHints":{"allow":["GET"]}}],"collection":[{"href":"https:\/\/plazajuarez.mx\/historico\/wp-json\/wp\/v2\/posts"}],"about":[{"href":"https:\/\/plazajuarez.mx\/historico\/wp-json\/wp\/v2\/types\/post"}],"author":[{"embeddable":true,"href":"https:\/\/plazajuarez.mx\/historico\/wp-json\/wp\/v2\/users\/70"}],"replies":[{"embeddable":true,"href":"https:\/\/plazajuarez.mx\/historico\/wp-json\/wp\/v2\/comments?post=132652"}],"version-history":[{"count":0,"href":"https:\/\/plazajuarez.mx\/historico\/wp-json\/wp\/v2\/posts\/132652\/revisions"}],"wp:featuredmedia":[{"embeddable":true,"href":"https:\/\/plazajuarez.mx\/historico\/wp-json\/wp\/v2\/media\/132659"}],"wp:attachment":[{"href":"https:\/\/plazajuarez.mx\/historico\/wp-json\/wp\/v2\/media?parent=132652"}],"wp:term":[{"taxonomy":"category","embeddable":true,"href":"https:\/\/plazajuarez.mx\/historico\/wp-json\/wp\/v2\/categories?post=132652"},{"taxonomy":"post_tag","embeddable":true,"href":"https:\/\/plazajuarez.mx\/historico\/wp-json\/wp\/v2\/tags?post=132652"}],"curies":[{"name":"wp","href":"https:\/\/api.w.org\/{rel}","templated":true}]}}