{"id":13243,"date":"2015-11-10T16:10:49","date_gmt":"2015-11-10T16:10:49","guid":{"rendered":"http:\/\/plazajuarez.mx\/index\/index.php\/2015\/11\/10\/inicio-proceso-de-independencia-de-cataluna\/"},"modified":"2015-11-10T16:10:49","modified_gmt":"2015-11-10T16:10:49","slug":"inicio-proceso-de-independencia-de-cataluna","status":"publish","type":"post","link":"https:\/\/plazajuarez.mx\/historico\/inicio-proceso-de-independencia-de-cataluna\/","title":{"rendered":"Inici\u00f3 proceso de independencia de Catalu\u00f1a"},"content":{"rendered":"<p><strong>Espa\u00f1a y el desaf\u00edo independentista<\/strong><\/p>\n<ul>\n<li><strong><strong>Junts pel S\u00ed y la CUP sacan adelante una moci\u00f3n en el Parlament<\/strong><\/strong> <!--more--> <\/li>\n<\/ul>\n<p>Iceta advirti\u00f3 que la declaraci\u00f3n aprobada dificulta los acercamientos entre el Govern y el Ejecutivo espa\u00f1ol que salga de las elecciones generales del 20 de diciembre. &#8220;Esta propuesta hace imposible la negociaci\u00f3n.<\/p>\n<p>\u00a0<\/p>\n<p>No ha habido sorpresas y los diputados de Junts pel S\u00ed y la CUP impusieron su mayor\u00eda en el Parlament para proclamar el inicio del proceso de &#8220;desconexi\u00f3n&#8221; entre Catalu\u00f1a y el resto de Espa\u00f1a.<\/p>\n<p>Los 72 diputados independentistas aprobaron una resoluci\u00f3n que &#8220;declara el inicio del proceso de creaci\u00f3n del Estado catal\u00e1n independiente en forma de rep\u00fablica&#8221;, que proclama que el Parlament &#8220;no se supeditar\u00e1 a las decisiones del Tribunal Constitucional&#8221; y que insta &#8220;al futuro Govern&#8221; -porque a\u00fan no hay acuerdo para investir al nuevo- a &#8220;cumplir exclusivamente las normas o mandatos emanados de esta C\u00e1mara&#8221;.<\/p>\n<p>El debate fue vibrante, con muchas concesiones al espect\u00e1culo. Ra\u00fcl Romeva (Junts pel S\u00ed) y Anna Gabriel (CUP) defendieron la legitimidad del Parlament para aprobar un texto que con toda seguridad el Gobierno recurrir\u00e1 en los pr\u00f3ximos d\u00edas al Tribunal Constitucional.<\/p>\n<p>&#8220;Esto ya no tiene freno. Si no es hoy ser\u00e1 ma\u00f1ana, si no somos nosotros ser\u00e1n otros. Pero este pa\u00eds ya ha dicho alto y claro que ha llegado la hora de ir a por todas&#8221;, afirm\u00f3 Romeva.<\/p>\n<p>Gabriel ha ido bastante m\u00e1s lejos, y en un discurso que subray\u00f3 el cariz de justicia social que la CUP pretende dar al proceso de independencia, defendi\u00f3 tambi\u00e9n la vigencia de los &#8220;Pa\u00efsos Catalans&#8221; y ha criticado a la Uni\u00f3n Europea porque, en su opini\u00f3n, fomenta el capitalismo.<\/p>\n<p>En un gesto significativo, ni Mas ni ning\u00fan miembro del Govern aplaudi\u00f3 el discurso de la diputada de la CUP, que ni siquiera ha cruzado una mirada con el presidente de la Generalitat.<\/p>\n<p>Todos los diputados de la oposici\u00f3n fueron muy duros con la propuesta. Empezando por Joan Coscubiela (Catalunya S\u00ed que es Pot, la marca de Podemos e ICV), que ha hablado de &#8220;insurgencia&#8221;, acus\u00f3 a independentistas de &#8220;fariseos&#8221; por denostar al TC y al mismo tiempo recurrir ante ese tribunal algunas normas y afirm\u00f3 que &#8220;no tienen legitimidad&#8221; para llevar a cabo un proceso unilateral porque se quedaron por debajo del 50% de los votos en las \u00faltimas elecciones.<\/p>\n<p>In\u00e9s Arrimadas (Ciutadans) y Miquel Iceta (PSC) recordaron que incluso la CUP dijo la noche electoral que &#8220;el plebiscito sobre la independencia se hab\u00eda perdido&#8221;. &#8220;No tienen diputados ni para cambiar el Estatut: se necesitan dos tercios.<\/p>\n","protected":false},"excerpt":{"rendered":"<p>Espa\u00f1a y el desaf\u00edo independentista Junts pel S\u00ed y la CUP sacan adelante una moci\u00f3n en el Parlament<\/p>\n","protected":false},"author":93,"featured_media":0,"comment_status":"open","ping_status":"open","sticky":false,"template":"","format":"standard","meta":{"footnotes":""},"categories":[31],"tags":[],"class_list":["post-13243","post","type-post","status-publish","format-standard","hentry","category-orbe"],"_links":{"self":[{"href":"https:\/\/plazajuarez.mx\/historico\/wp-json\/wp\/v2\/posts\/13243","targetHints":{"allow":["GET"]}}],"collection":[{"href":"https:\/\/plazajuarez.mx\/historico\/wp-json\/wp\/v2\/posts"}],"about":[{"href":"https:\/\/plazajuarez.mx\/historico\/wp-json\/wp\/v2\/types\/post"}],"author":[{"embeddable":true,"href":"https:\/\/plazajuarez.mx\/historico\/wp-json\/wp\/v2\/users\/93"}],"replies":[{"embeddable":true,"href":"https:\/\/plazajuarez.mx\/historico\/wp-json\/wp\/v2\/comments?post=13243"}],"version-history":[{"count":0,"href":"https:\/\/plazajuarez.mx\/historico\/wp-json\/wp\/v2\/posts\/13243\/revisions"}],"wp:attachment":[{"href":"https:\/\/plazajuarez.mx\/historico\/wp-json\/wp\/v2\/media?parent=13243"}],"wp:term":[{"taxonomy":"category","embeddable":true,"href":"https:\/\/plazajuarez.mx\/historico\/wp-json\/wp\/v2\/categories?post=13243"},{"taxonomy":"post_tag","embeddable":true,"href":"https:\/\/plazajuarez.mx\/historico\/wp-json\/wp\/v2\/tags?post=13243"}],"curies":[{"name":"wp","href":"https:\/\/api.w.org\/{rel}","templated":true}]}}