{"id":13242,"date":"2015-11-10T16:10:21","date_gmt":"2015-11-10T16:10:21","guid":{"rendered":"http:\/\/plazajuarez.mx\/index\/index.php\/2015\/11\/10\/cameron-estudia-adelantar-referendum-sobre-la-permanencia-en-la-ue\/"},"modified":"2015-11-10T16:10:21","modified_gmt":"2015-11-10T16:10:21","slug":"cameron-estudia-adelantar-referendum-sobre-la-permanencia-en-la-ue","status":"publish","type":"post","link":"https:\/\/plazajuarez.mx\/historico\/cameron-estudia-adelantar-referendum-sobre-la-permanencia-en-la-ue\/","title":{"rendered":"Cameron estudia adelantar refer\u00e9ndum sobre la permanencia en la UE"},"content":{"rendered":"<p><strong>Prev\u00e9n nueva crisis migratoria para el pr\u00f3ximo verano<\/strong><\/p>\n<ul>\n<li><strong><strong>Promete renegociar los actuales lazos entre Reino Unido y la UE antes del refer\u00e9ndum; Downing Street ha evitado confirmar cambios en los planes.<\/strong><\/strong> <!--more--> <\/li>\n<\/ul>\n<p>Las encuestas publicadas en los \u00faltimos meses recogen que una mayor\u00eda de los brit\u00e1nicos son partidarios de seguir siendo miembros de la UE. No obstante, la ventaja se ha ido estrechando progresivamente a medida que ha aumentado la preocupaci\u00f3n de la ciudadan\u00eda en materia de inmigraci\u00f3n<\/p>\n<p>\u00a0<\/p>\n<p>Londres.- El primer ministro de Reino Unido, David Cameron, estudia adelantar a junio del pr\u00f3ximo a\u00f1o el refer\u00e9ndum previsto para preguntar a la ciudadan\u00eda si quieren que el pa\u00eds siga siendo miembro de la Uni\u00f3n Europea. La informaci\u00f3n apunta que el &#8216;premier&#8217; brit\u00e1nico es partidario de que los ciudadanos se pronuncien en poco m\u00e1s de seis meses si se logran avances en materia de reformas en la reuni\u00f3n de l\u00edderes europeos prevista para diciembre.<\/p>\n<p>En principio, el Gobierno de Reino Unido ha planteado finales de 2017 como fecha l\u00edmite para la celebraci\u00f3n del refer\u00e9ndum. Sin embargo, seg\u00fan &#8216;The Times&#8217;, varios pa\u00edses habr\u00edan solicitado a Cameron que adelantase la consulta, entre otras razones porque prev\u00e9n una nueva crisis migratoria para el pr\u00f3ximo verano.<\/p>\n<p>El jefe del Ejecutivo brit\u00e1nico ha prometido renegociar los actuales lazos entre Reino Unido y la UE antes del refer\u00e9ndum y Downing Street ha evitado confirmar los supuestos cambios en los planes. &#8220;Como el primer ministro ha dicho, se determinar\u00e1 el calendario en funci\u00f3n del resultado de las negociaciones, con el final de 2017 como plazo l\u00edmite&#8221;, ha insistido la oficina de Cameron.<\/p>\n","protected":false},"excerpt":{"rendered":"<p>Prev\u00e9n nueva crisis migratoria para el pr\u00f3ximo verano Promete renegociar los actuales lazos entre Reino Unido y la UE antes del refer\u00e9ndum; Downing Street ha evitado confirmar cambios en los planes.<\/p>\n","protected":false},"author":93,"featured_media":0,"comment_status":"open","ping_status":"open","sticky":false,"template":"","format":"standard","meta":{"footnotes":""},"categories":[31],"tags":[],"class_list":["post-13242","post","type-post","status-publish","format-standard","hentry","category-orbe"],"_links":{"self":[{"href":"https:\/\/plazajuarez.mx\/historico\/wp-json\/wp\/v2\/posts\/13242","targetHints":{"allow":["GET"]}}],"collection":[{"href":"https:\/\/plazajuarez.mx\/historico\/wp-json\/wp\/v2\/posts"}],"about":[{"href":"https:\/\/plazajuarez.mx\/historico\/wp-json\/wp\/v2\/types\/post"}],"author":[{"embeddable":true,"href":"https:\/\/plazajuarez.mx\/historico\/wp-json\/wp\/v2\/users\/93"}],"replies":[{"embeddable":true,"href":"https:\/\/plazajuarez.mx\/historico\/wp-json\/wp\/v2\/comments?post=13242"}],"version-history":[{"count":0,"href":"https:\/\/plazajuarez.mx\/historico\/wp-json\/wp\/v2\/posts\/13242\/revisions"}],"wp:attachment":[{"href":"https:\/\/plazajuarez.mx\/historico\/wp-json\/wp\/v2\/media?parent=13242"}],"wp:term":[{"taxonomy":"category","embeddable":true,"href":"https:\/\/plazajuarez.mx\/historico\/wp-json\/wp\/v2\/categories?post=13242"},{"taxonomy":"post_tag","embeddable":true,"href":"https:\/\/plazajuarez.mx\/historico\/wp-json\/wp\/v2\/tags?post=13242"}],"curies":[{"name":"wp","href":"https:\/\/api.w.org\/{rel}","templated":true}]}}