{"id":13241,"date":"2015-11-10T16:10:05","date_gmt":"2015-11-10T16:10:05","guid":{"rendered":"http:\/\/plazajuarez.mx\/index\/index.php\/2015\/11\/10\/sigue-el-incremento-en-temperatura-mundial\/"},"modified":"2015-11-10T16:10:05","modified_gmt":"2015-11-10T16:10:05","slug":"sigue-el-incremento-en-temperatura-mundial","status":"publish","type":"post","link":"https:\/\/plazajuarez.mx\/historico\/sigue-el-incremento-en-temperatura-mundial\/","title":{"rendered":"Sigue el incremento en temperatura mundial"},"content":{"rendered":"<p><strong>Calentamiento global<\/strong><\/p>\n<ul>\n<li><strong>Superar\u00e1 el &#8216;techo&#8217; de un grado en el 2015<\/strong><\/li>\n<\/ul>\n<p><strong>Pasar\u00e1 a la historia como el a\u00f1o m\u00e1s caluroso; el fen\u00f3meno El Ni\u00f1o ha tenido un fuerte impacto<\/strong><\/p>\n<p>  <!--more-->  <\/p>\n<p>\u00a0<\/p>\n<p>Londres.- El aumento global de las temperaturas con respecto a la era preindustrial superar\u00e1 el &#8220;techo&#8221; de un grado cent\u00edgrado antes de que acabe 2015, que pasar\u00e1 adem\u00e1s a la historia como el a\u00f1o m\u00e1s caluroso, seg\u00fan advirtieron cient\u00edficos de la Met Office brit\u00e1nica.<\/p>\n<p>El anuncio coincide con la alerta lanzada por la Oficina Meteorol\u00f3gica Mundial (OMM), advirtiendo de que la concentraci\u00f3n media de CO2 en la atm\u00f3sfera superar\u00e1 tambi\u00e9n globalmente las 400 part\u00edculas por mill\u00f3n (ppm), frente a las 278 de hace dos siglos y por encima de los 350 considerada por los cient\u00edficos como la l\u00ednea de &#8220;seguridad&#8221; para evitar un impacto incontrolable en el clima.<\/p>\n<p>La doble noticia llega a tres semanas para la celebraci\u00f3n de la Conferencia del Clima de Par\u00eds (COP21), donde m\u00e1s de 190 pa\u00edses intentar\u00e1n llegar a un acuerdo para reducir las emisiones y evitar que se supere el list\u00f3n de los dos grados cent\u00edgrados en el siglo XXI. Los compromisos previos est\u00e1n, sin embargo, a\u00fan muy lejos de esa meta y pueden contribuir a un aumento de hasta 2,7 grados de las temperaturas, seg\u00fan advirti\u00f3 recientemente Christiana Figuerges, secretaria general de la Ponencia Marco de la ONU para el Cambio Clim\u00e1tico (UNFCCC). Seg\u00fan los datos recopilados en los \u00faltimos nueve meses por la Met Office, el a\u00f1o 2015 ser\u00e1 &#8220;de lejos&#8221; el m\u00e1s caluroso a nivel global. El Ni\u00f1o ha tenido un fuerte impacto este a\u00f1o, pero est\u00e1 claro que la influencia humana est\u00e1 empujando el clima a un territorio inexplorado.<\/p>\n","protected":false},"excerpt":{"rendered":"<p>Calentamiento global Superar\u00e1 el &#8216;techo&#8217; de un grado en el 2015 Pasar\u00e1 a la historia como el a\u00f1o m\u00e1s caluroso; el fen\u00f3meno El Ni\u00f1o ha tenido un fuerte impacto<\/p>\n","protected":false},"author":93,"featured_media":0,"comment_status":"open","ping_status":"open","sticky":false,"template":"","format":"standard","meta":{"footnotes":""},"categories":[31],"tags":[],"class_list":["post-13241","post","type-post","status-publish","format-standard","hentry","category-orbe"],"_links":{"self":[{"href":"https:\/\/plazajuarez.mx\/historico\/wp-json\/wp\/v2\/posts\/13241","targetHints":{"allow":["GET"]}}],"collection":[{"href":"https:\/\/plazajuarez.mx\/historico\/wp-json\/wp\/v2\/posts"}],"about":[{"href":"https:\/\/plazajuarez.mx\/historico\/wp-json\/wp\/v2\/types\/post"}],"author":[{"embeddable":true,"href":"https:\/\/plazajuarez.mx\/historico\/wp-json\/wp\/v2\/users\/93"}],"replies":[{"embeddable":true,"href":"https:\/\/plazajuarez.mx\/historico\/wp-json\/wp\/v2\/comments?post=13241"}],"version-history":[{"count":0,"href":"https:\/\/plazajuarez.mx\/historico\/wp-json\/wp\/v2\/posts\/13241\/revisions"}],"wp:attachment":[{"href":"https:\/\/plazajuarez.mx\/historico\/wp-json\/wp\/v2\/media?parent=13241"}],"wp:term":[{"taxonomy":"category","embeddable":true,"href":"https:\/\/plazajuarez.mx\/historico\/wp-json\/wp\/v2\/categories?post=13241"},{"taxonomy":"post_tag","embeddable":true,"href":"https:\/\/plazajuarez.mx\/historico\/wp-json\/wp\/v2\/tags?post=13241"}],"curies":[{"name":"wp","href":"https:\/\/api.w.org\/{rel}","templated":true}]}}