{"id":13240,"date":"2015-11-10T16:09:38","date_gmt":"2015-11-10T16:09:38","guid":{"rendered":"http:\/\/plazajuarez.mx\/index\/index.php\/2015\/11\/10\/camaras-captan-apunalamiento-a-guardia-israeli\/"},"modified":"2015-11-10T16:09:38","modified_gmt":"2015-11-10T16:09:38","slug":"camaras-captan-apunalamiento-a-guardia-israeli","status":"publish","type":"post","link":"https:\/\/plazajuarez.mx\/historico\/camaras-captan-apunalamiento-a-guardia-israeli\/","title":{"rendered":"C\u00e1maras captan apu\u00f1alamiento a guardia israel\u00ed"},"content":{"rendered":"<p><strong>En Cisjordania<\/strong><\/p>\n<ul>\n<li><strong><strong>La violencia contin\u00faa en el territorio ocupado por jud\u00edos desde 1967<\/strong><\/strong> <!--more--> <\/li>\n<\/ul>\n<p>La escalada de violencia, que repunt\u00f3 el pasado 1 de octubre, se centr\u00f3 inicialmente en Jerusal\u00e9n en torno a la disputa sobre la Explanada de las Mezquitas o Monte del Templo. Los palestinos acusaron a Israel de querer cambiar el status quo, algo que el jefe de Gobierno, Benjam\u00edn Netanyahu, lo niega.<\/p>\n<p>Un nuevo apu\u00f1alamiento, captado el domingo por las c\u00e1maras de seguridad, ha herido levemente a un guardia israel\u00ed. Tras ser abatida por \u00e9ste, la atacante palestina, de 22 a\u00f1os, se encuentra ingresada en estado cr\u00edtico en el hospital Hadassah Ein Kerem de Jerusal\u00e9n.<\/p>\n<p>El ataque tuvo lugar en la entrada de la localidad israel\u00ed de Beitar Ilit en Cisjordania. Vestida totalmente de negro, la palestina Hilwa Salim Darwish lleg\u00f3 andando a la entrada. Tras ense\u00f1ar su carn\u00e9 de identidad al guardia de seguridad israel\u00ed y dialogar unos breves segundos, la mujer sac\u00f3 de su bolso un cuchillo y le atac\u00f3 tal y como se puede apreciar en el video difundido por los medios. El guardia de seguridad israel\u00ed celebraba ayer lunes su 33 cumplea\u00f1os.<\/p>\n<p>Seg\u00fan fuentes palestinas, la mujer proced\u00eda de una aldea cerca de la ciudad de Bel\u00e9n, al sur de Cisjordania. &#8220;Tras ser atacado y herido, el guardia de seguridad dispar\u00f3 y neutraliz\u00f3 a la terrorista&#8221;, afirma la Polic\u00eda israel\u00ed.<\/p>\n<p>Beitar Ilit es una colonia israel\u00ed situada en el territorio ocupado por Israel en la guerra del 67. La inmensa mayor\u00eda de sus m\u00e1s de 40.000 habitantes son jaredim (ultraortodoxos). En Beitar Illit trabajan centenares de habitantes palestinos de la zona.<\/p>\n<p>Dos horas antes, cuatro israel\u00edes fueron heridos &#8211; dos de ellos en estado grave &#8211; tras ser atropellados por un palestino en una parada destinada al autostop cerca de la ciudad cisjordana de Nabl\u00fas. El atacante, Saliman Shahin procedente de Ramala, muri\u00f3 tras ser abatido por dos agentes de la Polic\u00eda Fronteriza.<\/p>\n","protected":false},"excerpt":{"rendered":"<p>En Cisjordania La violencia contin\u00faa en el territorio ocupado por jud\u00edos desde 1967<\/p>\n","protected":false},"author":93,"featured_media":0,"comment_status":"open","ping_status":"open","sticky":false,"template":"","format":"standard","meta":{"footnotes":""},"categories":[31],"tags":[],"class_list":["post-13240","post","type-post","status-publish","format-standard","hentry","category-orbe"],"_links":{"self":[{"href":"https:\/\/plazajuarez.mx\/historico\/wp-json\/wp\/v2\/posts\/13240","targetHints":{"allow":["GET"]}}],"collection":[{"href":"https:\/\/plazajuarez.mx\/historico\/wp-json\/wp\/v2\/posts"}],"about":[{"href":"https:\/\/plazajuarez.mx\/historico\/wp-json\/wp\/v2\/types\/post"}],"author":[{"embeddable":true,"href":"https:\/\/plazajuarez.mx\/historico\/wp-json\/wp\/v2\/users\/93"}],"replies":[{"embeddable":true,"href":"https:\/\/plazajuarez.mx\/historico\/wp-json\/wp\/v2\/comments?post=13240"}],"version-history":[{"count":0,"href":"https:\/\/plazajuarez.mx\/historico\/wp-json\/wp\/v2\/posts\/13240\/revisions"}],"wp:attachment":[{"href":"https:\/\/plazajuarez.mx\/historico\/wp-json\/wp\/v2\/media?parent=13240"}],"wp:term":[{"taxonomy":"category","embeddable":true,"href":"https:\/\/plazajuarez.mx\/historico\/wp-json\/wp\/v2\/categories?post=13240"},{"taxonomy":"post_tag","embeddable":true,"href":"https:\/\/plazajuarez.mx\/historico\/wp-json\/wp\/v2\/tags?post=13240"}],"curies":[{"name":"wp","href":"https:\/\/api.w.org\/{rel}","templated":true}]}}