{"id":132395,"date":"2020-09-13T07:43:18","date_gmt":"2020-09-13T12:43:18","guid":{"rendered":"https:\/\/plazajuarez.mx\/?p=132395"},"modified":"2020-09-13T07:43:36","modified_gmt":"2020-09-13T12:43:36","slug":"jorge-conde-en-campana-como-candidato-por-la-presidencia-de-pachuca","status":"publish","type":"post","link":"https:\/\/plazajuarez.mx\/historico\/jorge-conde-en-campana-como-candidato-por-la-presidencia-de-pachuca\/","title":{"rendered":"Jorge Conde en campa\u00f1a como candidato por la presidencia de Pachuca"},"content":{"rendered":"\n<p>En campa\u00f1a electoral y con miras a las elecciones del 18 de octubre Jorge Conde Rivemar, candidato a la presidencia municipal de Pachuca por el partido local Podemos, recorri\u00f3 diversas colonias y calles de la capital hidalguense con el objetivo de conocer de primera mano las necesidades y carencias de los pachuque\u00f1os.&nbsp;<\/p>\n\n\n\n<p>En d\u00edas pasados el candidato a la presidencia de Pachuca, recorri\u00f3 las colonias Tezontle,&nbsp; Cuauht\u00e9moc y Nopalcalco de la ciudad de Pachuca, en donde noto las carencias en la v\u00eda p\u00fablica y adem\u00e1s pregunt\u00f3 a los habitantes de la colonia, cuales son las problem\u00e1ticas que viven en el \u00e1mbito social econ\u00f3mico y de salud.&nbsp;<\/p>\n\n\n\n<p>Al respecto&nbsp; Jorge Conde Rivemar asegur\u00f3 que de ser electo como presidente de Pachuca, visitar\u00e1 durante los primeros d\u00edas de su administraci\u00f3n municipal las calles de Pachuca para tener cercan\u00eda con las carencias y necesidades de la ciudadan\u00eda.&nbsp;<\/p>\n\n\n\n<p>\u201cQueremos que Pachuca salga del profundo bache en el que se encuentra, estoy conciente de la problem\u00e1tica del municipio, y precisamente por eso tom\u00e9 la decisi\u00f3n de ser competir por la alcald\u00eda de la capital, con acciones contundentes estoy dispuesto a demostrar que podemos hacer las cosas de forma clara y honesta\u201dmanifest\u00f3 el candidato del partido local Podemos.&nbsp;&nbsp;<\/p>\n\n\n\n<p>Entre sus planes de trabajo como presidente de Pachuca, propuso un plan de trabajo para los empresarios y comerciantes, as\u00ed mismo apostar\u00e1 por la seguridad de las calles del municipio y mejorar\u00e1 las condiciones del alumbrado p\u00fablico, y se comprometi\u00f3 a quitar los baches de las calles de la ciudad.&nbsp;<\/p>\n","protected":false},"excerpt":{"rendered":"<p>En campa\u00f1a electoral y con miras a las elecciones del 18 de octubre Jorge Conde Rivemar, candidato a la presidencia municipal de Pachuca por el partido local Podemos, recorri\u00f3 diversas colonias y calles de la capital hidalguense con el objetivo de conocer de primera mano las necesidades y carencias de los pachuque\u00f1os.&nbsp; En d\u00edas pasados [&hellip;]<\/p>\n","protected":false},"author":93,"featured_media":132403,"comment_status":"closed","ping_status":"open","sticky":false,"template":"","format":"standard","meta":{"footnotes":""},"categories":[59],"tags":[],"class_list":["post-132395","post","type-post","status-publish","format-standard","has-post-thumbnail","hentry","category-general"],"_links":{"self":[{"href":"https:\/\/plazajuarez.mx\/historico\/wp-json\/wp\/v2\/posts\/132395","targetHints":{"allow":["GET"]}}],"collection":[{"href":"https:\/\/plazajuarez.mx\/historico\/wp-json\/wp\/v2\/posts"}],"about":[{"href":"https:\/\/plazajuarez.mx\/historico\/wp-json\/wp\/v2\/types\/post"}],"author":[{"embeddable":true,"href":"https:\/\/plazajuarez.mx\/historico\/wp-json\/wp\/v2\/users\/93"}],"replies":[{"embeddable":true,"href":"https:\/\/plazajuarez.mx\/historico\/wp-json\/wp\/v2\/comments?post=132395"}],"version-history":[{"count":0,"href":"https:\/\/plazajuarez.mx\/historico\/wp-json\/wp\/v2\/posts\/132395\/revisions"}],"wp:featuredmedia":[{"embeddable":true,"href":"https:\/\/plazajuarez.mx\/historico\/wp-json\/wp\/v2\/media\/132403"}],"wp:attachment":[{"href":"https:\/\/plazajuarez.mx\/historico\/wp-json\/wp\/v2\/media?parent=132395"}],"wp:term":[{"taxonomy":"category","embeddable":true,"href":"https:\/\/plazajuarez.mx\/historico\/wp-json\/wp\/v2\/categories?post=132395"},{"taxonomy":"post_tag","embeddable":true,"href":"https:\/\/plazajuarez.mx\/historico\/wp-json\/wp\/v2\/tags?post=132395"}],"curies":[{"name":"wp","href":"https:\/\/api.w.org\/{rel}","templated":true}]}}