{"id":132392,"date":"2020-09-13T07:56:22","date_gmt":"2020-09-13T12:56:22","guid":{"rendered":"https:\/\/plazajuarez.mx\/?p=132392"},"modified":"2020-09-13T07:56:40","modified_gmt":"2020-09-13T12:56:40","slug":"autoridades-retiran-acordonamiento-del-jardin-la-floresta","status":"publish","type":"post","link":"https:\/\/plazajuarez.mx\/historico\/autoridades-retiran-acordonamiento-del-jardin-la-floresta\/","title":{"rendered":"Autoridades retiran acordonamiento del Jard\u00edn La Floresta"},"content":{"rendered":"\n<p>Tras el retiro y la liberaci\u00f3n del jard\u00edn La Floresta y el Centro Cultural Ricardo Garibay de acordonamiento, el presidente del Concejo interino, Fernando Lemus, inform\u00f3 que depender\u00e1 de lo que indique el Sector Salud y el sem\u00e1foro epidemiol\u00f3gico, para decidir si contin\u00faa sin acordonamiento.<\/p>\n\n\n\n<p>Explic\u00f3 que decidieron quitar el acordonamiento del jard\u00edn La Floresta porque en el Centro Cultural Ricardo Garibay ya no hab\u00eda cinta restrictiva y la gente se concentraba en ese espacio p\u00fablico, por lo que para evitar aglomeraciones liberaron el primer parque.<\/p>\n\n\n\n<p>\u201cDecidimos quitar el acordonamiento para que la gente se disperse en los dos espacios, pues lo que se requiere en esta pandemia es evitar aglomeraciones, entre m\u00e1s espacio tengamos, es mejor\u201d.<\/p>\n\n\n\n<p>Adelant\u00f3 que esta permisividad depender\u00e1 de la semaforizaci\u00f3n, ya que en esta semana a\u00fan impera el color naranja, pero si en los pr\u00f3ximos d\u00edas hay cambios el municipio se ajustar\u00e1 a lo que indiquen las autoridades del sector salud.<\/p>\n\n\n\n<p>Lemus Rodr\u00edguez puntualiz\u00f3 que donde no habr\u00e1 cambios y reforzar\u00e1n el acordonamiento, es en los juegos infantiles de La Floresta, para reducir la posibilidad de contagios de la Covid, principalmente entre los menores de edad.<\/p>\n\n\n\n<p>Finalmente, dijo que realizar\u00e1 un recorrido de evaluaci\u00f3n en la zona para determinar si es necesario instalar otro u otros lavamanos en la zona para que la gente tenga m\u00e1s opciones de atender esta medida preventiva<\/p>\n","protected":false},"excerpt":{"rendered":"<p>Tras el retiro y la liberaci\u00f3n del jard\u00edn La Floresta y el Centro Cultural Ricardo Garibay de acordonamiento, el presidente del Concejo interino, Fernando Lemus, inform\u00f3 que depender\u00e1 de lo que indique el Sector Salud y el sem\u00e1foro epidemiol\u00f3gico, para decidir si contin\u00faa sin acordonamiento. Explic\u00f3 que decidieron quitar el acordonamiento del jard\u00edn La Floresta [&hellip;]<\/p>\n","protected":false},"author":70,"featured_media":132407,"comment_status":"closed","ping_status":"open","sticky":false,"template":"","format":"standard","meta":{"footnotes":""},"categories":[40],"tags":[],"class_list":["post-132392","post","type-post","status-publish","format-standard","has-post-thumbnail","hentry","category-region"],"_links":{"self":[{"href":"https:\/\/plazajuarez.mx\/historico\/wp-json\/wp\/v2\/posts\/132392","targetHints":{"allow":["GET"]}}],"collection":[{"href":"https:\/\/plazajuarez.mx\/historico\/wp-json\/wp\/v2\/posts"}],"about":[{"href":"https:\/\/plazajuarez.mx\/historico\/wp-json\/wp\/v2\/types\/post"}],"author":[{"embeddable":true,"href":"https:\/\/plazajuarez.mx\/historico\/wp-json\/wp\/v2\/users\/70"}],"replies":[{"embeddable":true,"href":"https:\/\/plazajuarez.mx\/historico\/wp-json\/wp\/v2\/comments?post=132392"}],"version-history":[{"count":0,"href":"https:\/\/plazajuarez.mx\/historico\/wp-json\/wp\/v2\/posts\/132392\/revisions"}],"wp:featuredmedia":[{"embeddable":true,"href":"https:\/\/plazajuarez.mx\/historico\/wp-json\/wp\/v2\/media\/132407"}],"wp:attachment":[{"href":"https:\/\/plazajuarez.mx\/historico\/wp-json\/wp\/v2\/media?parent=132392"}],"wp:term":[{"taxonomy":"category","embeddable":true,"href":"https:\/\/plazajuarez.mx\/historico\/wp-json\/wp\/v2\/categories?post=132392"},{"taxonomy":"post_tag","embeddable":true,"href":"https:\/\/plazajuarez.mx\/historico\/wp-json\/wp\/v2\/tags?post=132392"}],"curies":[{"name":"wp","href":"https:\/\/api.w.org\/{rel}","templated":true}]}}