{"id":13239,"date":"2015-11-10T16:07:24","date_gmt":"2015-11-10T16:07:24","guid":{"rendered":"http:\/\/plazajuarez.mx\/index\/index.php\/2015\/11\/10\/ocde-rebaja-a-2-3-crecimiento-de-mexico-2015\/"},"modified":"2015-11-10T16:07:24","modified_gmt":"2015-11-10T16:07:24","slug":"ocde-rebaja-a-2-3-crecimiento-de-mexico-2015","status":"publish","type":"post","link":"https:\/\/plazajuarez.mx\/historico\/ocde-rebaja-a-2-3-crecimiento-de-mexico-2015\/","title":{"rendered":"OCDE rebaja a 2.3% crecimiento de M\u00e9xico 2015"},"content":{"rendered":"<p><strong>Econom\u00eda disfuncional<\/strong><\/p>\n<ul>\n<li><strong><strong>Tres por ciento en 2016 y 2017, ambos insuficientes<\/strong><\/strong> <!--more--> <\/li>\n<\/ul>\n<p>Par\u00eds.- La Organizaci\u00f3n para la Cooperaci\u00f3n y el Desarrollo Econ\u00f3mico redujo la previsi\u00f3n de crecimiento de la econom\u00eda de M\u00e9xico a 2.3 por ciento al cierre de este a\u00f1o, y a 3 por ciento en 2016 y 2017.<\/p>\n<p>La econom\u00eda estar\u00e1 beneficiada por una mayor fortaleza de la de Estados Unidos, una depreciaci\u00f3n del peso, y mejores perspectivas para el sector de la construcci\u00f3n, explic\u00f3 el organismo este lunes al presentar sus previsiones de la econom\u00eda mundial.<\/p>\n<p>Dijo adem\u00e1s que la implementaci\u00f3n de reformas estructurales han mejorado las condiciones para los negocios.<\/p>\n<p>El crecimiento de la econom\u00eda mexicana estar\u00e1 por debajo del promedio mundial, de 2.9 por ciento al cierre del a\u00f1o.<\/p>\n<p>&#8220;Una fuerte ca\u00edda en las econom\u00edas de mercados emergentes y el comercio mundial se ha debilitado&#8221;, se\u00f1al\u00f3 el secretario general de la OCDE, Jos\u00e9 Angel Gurr\u00eda. &#8220;Ahora esperamos que la econom\u00eda global crezca menos del 3 por ciento en 2015. Este es el crecimiento m\u00e1s d\u00e9bil desde 2009 y muy por debajo de la media a largo plazo&#8221;, agreg\u00f3.<\/p>\n","protected":false},"excerpt":{"rendered":"<p>Econom\u00eda disfuncional Tres por ciento en 2016 y 2017, ambos insuficientes<\/p>\n","protected":false},"author":93,"featured_media":0,"comment_status":"open","ping_status":"open","sticky":false,"template":"","format":"standard","meta":{"footnotes":""},"categories":[36],"tags":[],"class_list":["post-13239","post","type-post","status-publish","format-standard","hentry","category-nacion"],"_links":{"self":[{"href":"https:\/\/plazajuarez.mx\/historico\/wp-json\/wp\/v2\/posts\/13239","targetHints":{"allow":["GET"]}}],"collection":[{"href":"https:\/\/plazajuarez.mx\/historico\/wp-json\/wp\/v2\/posts"}],"about":[{"href":"https:\/\/plazajuarez.mx\/historico\/wp-json\/wp\/v2\/types\/post"}],"author":[{"embeddable":true,"href":"https:\/\/plazajuarez.mx\/historico\/wp-json\/wp\/v2\/users\/93"}],"replies":[{"embeddable":true,"href":"https:\/\/plazajuarez.mx\/historico\/wp-json\/wp\/v2\/comments?post=13239"}],"version-history":[{"count":0,"href":"https:\/\/plazajuarez.mx\/historico\/wp-json\/wp\/v2\/posts\/13239\/revisions"}],"wp:attachment":[{"href":"https:\/\/plazajuarez.mx\/historico\/wp-json\/wp\/v2\/media?parent=13239"}],"wp:term":[{"taxonomy":"category","embeddable":true,"href":"https:\/\/plazajuarez.mx\/historico\/wp-json\/wp\/v2\/categories?post=13239"},{"taxonomy":"post_tag","embeddable":true,"href":"https:\/\/plazajuarez.mx\/historico\/wp-json\/wp\/v2\/tags?post=13239"}],"curies":[{"name":"wp","href":"https:\/\/api.w.org\/{rel}","templated":true}]}}