{"id":132388,"date":"2020-09-13T07:52:50","date_gmt":"2020-09-13T12:52:50","guid":{"rendered":"https:\/\/plazajuarez.mx\/?p=132388"},"modified":"2020-09-13T07:53:05","modified_gmt":"2020-09-13T12:53:05","slug":"mi-compromiso-no-mentir-no-robar-no-traicionar","status":"publish","type":"post","link":"https:\/\/plazajuarez.mx\/historico\/mi-compromiso-no-mentir-no-robar-no-traicionar\/","title":{"rendered":"\u201cMi compromiso: no mentir, no robar, no traicionar\u201d"},"content":{"rendered":"\n<p>La candidata de Morena a la Alcald\u00eda de Tizayuca, Susana \u00c1ngeles Quezada, en conferencia de prensa, habl\u00f3 de sus propuestas y de las manifestaciones de los \u00faltimos d\u00edas.&nbsp;<\/p>\n\n\n\n<p>Dijo que hay mucho trabajo por hacer ya que Tizayuca necesita recuperar su tejido social, \u201cque est\u00e1 en completo abandono\u201d. En seguridad, \u201cfalta contar con elementos capacitados, que cumplan&nbsp; requisitos y ex\u00e1menes de confianza, y brindarles apoyo en su labor diaria\u201d.&nbsp;<\/p>\n\n\n\n<p>Buscar\u00e1 que Tizayuca cuente con un mando coordinado de planta ya que por el crecimiento demogr\u00e1fico junto con el comisariado regular\u00e1n terrenos porque el aspecto social lo demanda.&nbsp;<\/p>\n\n\n\n<p>Asegur\u00f3 que Morena no se encuentra dividida y cuenta con el apoyo de los militantes y fundadores del fraccionamiento Nuevo Tizayuca, que creyeron desde un inicio en la 4T del presidente L\u00f3pez Obrador.<\/p>\n\n\n\n<p>No mentir, no robar y no traicionar son parte de su compromiso con los habitantes a los que pide que no dejen de votar ya que es parte importante y detall\u00f3 que por la pandemia tomen las debidas precauciones&nbsp;<\/p>\n\n\n\n<p>Su compa\u00f1era de f\u00f3rmula Diana Hurtado, la acompa\u00f1\u00f3 en la conferencia de prensa y coincidieron en que tienen el mismo ideal de sacar adelante al municipio con esfuerzo en el&nbsp; trabajo para mejorar las condiciones de los tizayuquenses.&nbsp;<\/p>\n\n\n\n<p>Respecto a las manifestaciones de los empleados del Ayuntamiento en contra de las decisiones que ha tomado el Concejo Municipal, dijo que es reprobable que acudan con temor ya que van amenazados por sus l\u00edderes y que est\u00e1 apoya el derecho en manifestarse pero con respeto y pac\u00edficamente.<\/p>\n","protected":false},"excerpt":{"rendered":"<p>La candidata de Morena a la Alcald\u00eda de Tizayuca, Susana \u00c1ngeles Quezada, en conferencia de prensa, habl\u00f3 de sus propuestas y de las manifestaciones de los \u00faltimos d\u00edas.&nbsp; Dijo que hay mucho trabajo por hacer ya que Tizayuca necesita recuperar su tejido social, \u201cque est\u00e1 en completo abandono\u201d. En seguridad, \u201cfalta contar con elementos capacitados, [&hellip;]<\/p>\n","protected":false},"author":78,"featured_media":132408,"comment_status":"closed","ping_status":"open","sticky":false,"template":"","format":"standard","meta":{"footnotes":""},"categories":[40],"tags":[],"class_list":["post-132388","post","type-post","status-publish","format-standard","has-post-thumbnail","hentry","category-region"],"_links":{"self":[{"href":"https:\/\/plazajuarez.mx\/historico\/wp-json\/wp\/v2\/posts\/132388","targetHints":{"allow":["GET"]}}],"collection":[{"href":"https:\/\/plazajuarez.mx\/historico\/wp-json\/wp\/v2\/posts"}],"about":[{"href":"https:\/\/plazajuarez.mx\/historico\/wp-json\/wp\/v2\/types\/post"}],"author":[{"embeddable":true,"href":"https:\/\/plazajuarez.mx\/historico\/wp-json\/wp\/v2\/users\/78"}],"replies":[{"embeddable":true,"href":"https:\/\/plazajuarez.mx\/historico\/wp-json\/wp\/v2\/comments?post=132388"}],"version-history":[{"count":0,"href":"https:\/\/plazajuarez.mx\/historico\/wp-json\/wp\/v2\/posts\/132388\/revisions"}],"wp:featuredmedia":[{"embeddable":true,"href":"https:\/\/plazajuarez.mx\/historico\/wp-json\/wp\/v2\/media\/132408"}],"wp:attachment":[{"href":"https:\/\/plazajuarez.mx\/historico\/wp-json\/wp\/v2\/media?parent=132388"}],"wp:term":[{"taxonomy":"category","embeddable":true,"href":"https:\/\/plazajuarez.mx\/historico\/wp-json\/wp\/v2\/categories?post=132388"},{"taxonomy":"post_tag","embeddable":true,"href":"https:\/\/plazajuarez.mx\/historico\/wp-json\/wp\/v2\/tags?post=132388"}],"curies":[{"name":"wp","href":"https:\/\/api.w.org\/{rel}","templated":true}]}}