{"id":132380,"date":"2020-09-13T07:49:44","date_gmt":"2020-09-13T12:49:44","guid":{"rendered":"https:\/\/plazajuarez.mx\/?p=132380"},"modified":"2020-09-13T07:49:58","modified_gmt":"2020-09-13T12:49:58","slug":"no-habra-despidos-dice-concejo-municipal","status":"publish","type":"post","link":"https:\/\/plazajuarez.mx\/historico\/no-habra-despidos-dice-concejo-municipal\/","title":{"rendered":"\u201cNo habr\u00e1 despidos\u201d, dice Concejo Municipal"},"content":{"rendered":"\n<p>El Concejo Municipal de Tizayuca aclar\u00f3, en un comunicado, su postura acerca de las manifestaciones que se han llevado a cabo en las que denuncian despidos injustificados de titulares de \u00e1reas y empleados del Ayuntamiento.&nbsp;<\/p>\n\n\n\n<p>Inform\u00f3 que en ning\u00fan momento se ha cometido abuso alguno dentro de las funciones que les confiere la ley, y que por lo tanto no se han realizado despidos injustificados del personal, ya que en el caso de los secretarios saben que ellos al ser personal de confianza del titular del ejecutivo municipal, deben de terminar sus funciones en cuanto \u00e9ste concluye en su encargo.<\/p>\n\n\n\n<p>Aclar\u00f3 que, en el caso del personal de base, contrato y de confianza no se ha ordenado, ni se ordenar\u00e1n despidos.&nbsp;<\/p>\n\n\n\n<p>Inform\u00f3 que el s\u00e1bado 5 de septiembre, al ser instalado el Concejo Municipal Interino, los integrantes de este \u00f3rgano tuvieron conocimiento que exist\u00eda personal de contrato y listas de raya a los que la administraci\u00f3n municipal 2016-2020 hab\u00eda dejado de pagarles sus sueldos, incluso en algunos casos desde una quincena atr\u00e1s, por lo que se orden\u00f3 se realizar\u00e1n los tr\u00e1mites correspondientes para pagarles.<\/p>\n\n\n\n<p>El Concejo destaca que de manera p\u00fablica y en cada una de las manifestaciones que se han realizado y ante el propio personal, se les ha hecho saber que no habr\u00e1 despidos que tienen garantizado su trabajo sin importar su antig\u00fcedad, pues el principal compromiso es respetar sus derechos laborales.<\/p>\n\n\n\n<p>Resaltaron que tomaron la decisi\u00f3n de realizar algunos cambios en \u00e1reas muy espec\u00edficas, con la finalidad de garantizar a la poblaci\u00f3n que en el los tres meses que estar\u00e1n a cargo de la administraci\u00f3n municipal se realizara un proceso de transici\u00f3n claro, honesto y transparente de los recursos p\u00fablicos. Sin embargo, esto fue impedido por distintos grupos sociales y de trabajadores, quienes a trav\u00e9s de presiones y amenazas violentas han orillado al presidente del Concejo a ratificar a algunos funcionarios en sus cargos.<\/p>\n\n\n\n<p>El Concejo Municipal refiere que aunque su principal objetivo de trabajo es brindar servicios de calidad a la poblaci\u00f3n, garantizar la paz social, la gobernabilidad y la gobernanza del municipio, les han impedido realizar sus funciones como lo establece la jurisprudencia, esto mediante protestas, manifestaciones y amenazas, poniendo en riesgo su integridad f\u00edsica y la de terceras personas.<\/p>\n\n\n\n<p>Hicieron un llamado a la poblaci\u00f3n para que se conduzcan a trav\u00e9s del di\u00e1logo y la tolerancia: que prevalezca la empat\u00eda; no se afecte la movilidad de la poblaci\u00f3n; no se vulneren sus derechos y se logren acuerdos.<\/p>\n","protected":false},"excerpt":{"rendered":"<p>El Concejo Municipal de Tizayuca aclar\u00f3, en un comunicado, su postura acerca de las manifestaciones que se han llevado a cabo en las que denuncian despidos injustificados de titulares de \u00e1reas y empleados del Ayuntamiento.&nbsp; Inform\u00f3 que en ning\u00fan momento se ha cometido abuso alguno dentro de las funciones que les confiere la ley, y [&hellip;]<\/p>\n","protected":false},"author":78,"featured_media":132405,"comment_status":"closed","ping_status":"open","sticky":false,"template":"","format":"standard","meta":{"footnotes":""},"categories":[40],"tags":[],"class_list":["post-132380","post","type-post","status-publish","format-standard","has-post-thumbnail","hentry","category-region"],"_links":{"self":[{"href":"https:\/\/plazajuarez.mx\/historico\/wp-json\/wp\/v2\/posts\/132380","targetHints":{"allow":["GET"]}}],"collection":[{"href":"https:\/\/plazajuarez.mx\/historico\/wp-json\/wp\/v2\/posts"}],"about":[{"href":"https:\/\/plazajuarez.mx\/historico\/wp-json\/wp\/v2\/types\/post"}],"author":[{"embeddable":true,"href":"https:\/\/plazajuarez.mx\/historico\/wp-json\/wp\/v2\/users\/78"}],"replies":[{"embeddable":true,"href":"https:\/\/plazajuarez.mx\/historico\/wp-json\/wp\/v2\/comments?post=132380"}],"version-history":[{"count":0,"href":"https:\/\/plazajuarez.mx\/historico\/wp-json\/wp\/v2\/posts\/132380\/revisions"}],"wp:featuredmedia":[{"embeddable":true,"href":"https:\/\/plazajuarez.mx\/historico\/wp-json\/wp\/v2\/media\/132405"}],"wp:attachment":[{"href":"https:\/\/plazajuarez.mx\/historico\/wp-json\/wp\/v2\/media?parent=132380"}],"wp:term":[{"taxonomy":"category","embeddable":true,"href":"https:\/\/plazajuarez.mx\/historico\/wp-json\/wp\/v2\/categories?post=132380"},{"taxonomy":"post_tag","embeddable":true,"href":"https:\/\/plazajuarez.mx\/historico\/wp-json\/wp\/v2\/tags?post=132380"}],"curies":[{"name":"wp","href":"https:\/\/api.w.org\/{rel}","templated":true}]}}