{"id":13238,"date":"2015-11-10T16:07:24","date_gmt":"2015-11-10T16:07:24","guid":{"rendered":"http:\/\/plazajuarez.mx\/index\/index.php\/2015\/11\/10\/sistema-educativo-no-esta-funcionando-nuno\/"},"modified":"2015-11-10T16:07:24","modified_gmt":"2015-11-10T16:07:24","slug":"sistema-educativo-no-esta-funcionando-nuno","status":"publish","type":"post","link":"https:\/\/plazajuarez.mx\/historico\/sistema-educativo-no-esta-funcionando-nuno\/","title":{"rendered":"Sistema educativo no est\u00e1 funcionando: Nu\u00f1o"},"content":{"rendered":"<p>Los resultados del Plan Nacional para la Evaluaci\u00f3n de los Aprendizajes (Planea) de educaci\u00f3n b\u00e1sica 2015, &#8220;vienen a reiterar que el sistema educativo mexicano no est\u00e1 funcionando bien y precisamente por eso, porque no estaba funcionando bien, es que hicimos la reforma educativa&#8221;, afirm\u00f3 el titular de la Secretar\u00eda de Educaci\u00f3n P\u00fablica (SEP), Aurelio Nu\u00f1o Mayer.<\/p>\n<p>  <!--more-->  <\/p>\n<p>\u00a0<\/p>\n<p>Entrevistado al concluir una vista al Centro Escolar Ni\u00f1os H\u00e9roes de Chapultepec, en el estado de Puebla, el funcionario insisti\u00f3 en que los resultados de la citada prueba dados a conocer el viernes pasado, no son satisfactorios e indican que un porcentaje muy amplio de los ni\u00f1os y j\u00f3venes que est\u00e1n en ense\u00f1anza b\u00e1sica, no cuentan con los conocimientos que deben tener en ese nivel.<\/p>\n","protected":false},"excerpt":{"rendered":"<p>Los resultados del Plan Nacional para la Evaluaci\u00f3n de los Aprendizajes (Planea) de educaci\u00f3n b\u00e1sica 2015, &#8220;vienen a reiterar que el sistema educativo mexicano no est\u00e1 funcionando bien y precisamente por eso, porque no estaba funcionando bien, es que hicimos la reforma educativa&#8221;, afirm\u00f3 el titular de la Secretar\u00eda de Educaci\u00f3n P\u00fablica (SEP), Aurelio Nu\u00f1o [&hellip;]<\/p>\n","protected":false},"author":93,"featured_media":0,"comment_status":"open","ping_status":"open","sticky":false,"template":"","format":"standard","meta":{"footnotes":""},"categories":[36],"tags":[],"class_list":["post-13238","post","type-post","status-publish","format-standard","hentry","category-nacion"],"_links":{"self":[{"href":"https:\/\/plazajuarez.mx\/historico\/wp-json\/wp\/v2\/posts\/13238","targetHints":{"allow":["GET"]}}],"collection":[{"href":"https:\/\/plazajuarez.mx\/historico\/wp-json\/wp\/v2\/posts"}],"about":[{"href":"https:\/\/plazajuarez.mx\/historico\/wp-json\/wp\/v2\/types\/post"}],"author":[{"embeddable":true,"href":"https:\/\/plazajuarez.mx\/historico\/wp-json\/wp\/v2\/users\/93"}],"replies":[{"embeddable":true,"href":"https:\/\/plazajuarez.mx\/historico\/wp-json\/wp\/v2\/comments?post=13238"}],"version-history":[{"count":0,"href":"https:\/\/plazajuarez.mx\/historico\/wp-json\/wp\/v2\/posts\/13238\/revisions"}],"wp:attachment":[{"href":"https:\/\/plazajuarez.mx\/historico\/wp-json\/wp\/v2\/media?parent=13238"}],"wp:term":[{"taxonomy":"category","embeddable":true,"href":"https:\/\/plazajuarez.mx\/historico\/wp-json\/wp\/v2\/categories?post=13238"},{"taxonomy":"post_tag","embeddable":true,"href":"https:\/\/plazajuarez.mx\/historico\/wp-json\/wp\/v2\/tags?post=13238"}],"curies":[{"name":"wp","href":"https:\/\/api.w.org\/{rel}","templated":true}]}}