{"id":132378,"date":"2020-09-13T07:45:22","date_gmt":"2020-09-13T12:45:22","guid":{"rendered":"https:\/\/plazajuarez.mx\/?p=132378"},"modified":"2020-09-13T07:45:37","modified_gmt":"2020-09-13T12:45:37","slug":"pablo-vargas-apuesta-por-acercar-la-politica-a-los-jovenes","status":"publish","type":"post","link":"https:\/\/plazajuarez.mx\/historico\/pablo-vargas-apuesta-por-acercar-la-politica-a-los-jovenes\/","title":{"rendered":"Pablo Vargas apuesta por acercar la pol\u00edtica a los j\u00f3venes"},"content":{"rendered":"\n<p>Pablo Vargas Gonzales candidato por Movimiento de Regeneraci\u00f3n Nacional (Morena) a la alcald\u00eda de Pachuca, manifest\u00f3 que a los y las j\u00f3venes se les mantiene al margen de los temas pol\u00edticos y solo se usan como carne de ca\u00f1\u00f3n; \u201cpero ese m\u00e9todo tiene que cambiar, tenemos que hacerlos part\u00edcipes de la pol\u00edtica, porque ustedes tienen que ser parte de la toma de decisiones al interior de la administraci\u00f3n municipal<\/p>\n\n\n\n<p>Durante su participaci\u00f3n en el foro \u201cJuventudes, Ciudadan\u00eda y Pol\u00edtica\u201d, organizado por la Red de J\u00f3venes Progresistas, el candidato que encabeza la coalici\u00f3n \u201cJuntos haremos historia en Hidalgo\u201d, externo\u00f3 su preocupaci\u00f3n por la falta de oportunidades de empleo, aunado a la discriminaci\u00f3n y maltrato laboral que sufren los jovenes hoy en dia.<\/p>\n\n\n\n<p>As\u00ed mismo explic\u00f3 que en la actualidad existen profesionistas desempleados, que solo est\u00e1n esperando una oportunidad para desempe\u00f1ar su talento, impulsar sus estudios, los cuales realizaron con gran sacrificio.&nbsp;<\/p>\n\n\n\n<p>\u201cDebemos reconocer el papel del joven, darles una funci\u00f3n activa dentro de la pol\u00edtica, asesorarlos, apoyarlos y capacitarlos para que puedan tener acceso a los recursos que ofrecen los gobiernos, y puedan generarse microempresas que ayuden a impulsar la econom\u00eda\u201d expus\u00f3 el candidato de Morena durante su presentaci\u00f3n en el foro.&nbsp;<\/p>\n","protected":false},"excerpt":{"rendered":"<p>Pablo Vargas Gonzales candidato por Movimiento de Regeneraci\u00f3n Nacional (Morena) a la alcald\u00eda de Pachuca, manifest\u00f3 que a los y las j\u00f3venes se les mantiene al margen de los temas pol\u00edticos y solo se usan como carne de ca\u00f1\u00f3n; \u201cpero ese m\u00e9todo tiene que cambiar, tenemos que hacerlos part\u00edcipes de la pol\u00edtica, porque ustedes tienen [&hellip;]<\/p>\n","protected":false},"author":93,"featured_media":132399,"comment_status":"closed","ping_status":"open","sticky":false,"template":"","format":"standard","meta":{"footnotes":""},"categories":[15,59],"tags":[],"class_list":["post-132378","post","type-post","status-publish","format-standard","has-post-thumbnail","hentry","category-destacadas","category-general"],"_links":{"self":[{"href":"https:\/\/plazajuarez.mx\/historico\/wp-json\/wp\/v2\/posts\/132378","targetHints":{"allow":["GET"]}}],"collection":[{"href":"https:\/\/plazajuarez.mx\/historico\/wp-json\/wp\/v2\/posts"}],"about":[{"href":"https:\/\/plazajuarez.mx\/historico\/wp-json\/wp\/v2\/types\/post"}],"author":[{"embeddable":true,"href":"https:\/\/plazajuarez.mx\/historico\/wp-json\/wp\/v2\/users\/93"}],"replies":[{"embeddable":true,"href":"https:\/\/plazajuarez.mx\/historico\/wp-json\/wp\/v2\/comments?post=132378"}],"version-history":[{"count":0,"href":"https:\/\/plazajuarez.mx\/historico\/wp-json\/wp\/v2\/posts\/132378\/revisions"}],"wp:featuredmedia":[{"embeddable":true,"href":"https:\/\/plazajuarez.mx\/historico\/wp-json\/wp\/v2\/media\/132399"}],"wp:attachment":[{"href":"https:\/\/plazajuarez.mx\/historico\/wp-json\/wp\/v2\/media?parent=132378"}],"wp:term":[{"taxonomy":"category","embeddable":true,"href":"https:\/\/plazajuarez.mx\/historico\/wp-json\/wp\/v2\/categories?post=132378"},{"taxonomy":"post_tag","embeddable":true,"href":"https:\/\/plazajuarez.mx\/historico\/wp-json\/wp\/v2\/tags?post=132378"}],"curies":[{"name":"wp","href":"https:\/\/api.w.org\/{rel}","templated":true}]}}