{"id":132373,"date":"2020-09-12T20:42:49","date_gmt":"2020-09-13T01:42:49","guid":{"rendered":"https:\/\/plazajuarez.mx\/?p=132373"},"modified":"2020-09-12T20:43:06","modified_gmt":"2020-09-13T01:43:06","slug":"mexico-alcanza-70-mil-604-muertes-por-covid-19-y-mas-de-663-mil-casos","status":"publish","type":"post","link":"https:\/\/plazajuarez.mx\/historico\/mexico-alcanza-70-mil-604-muertes-por-covid-19-y-mas-de-663-mil-casos\/","title":{"rendered":"M\u00e9xico alcanza 70 mil 604 muertes por Covid-19 y m\u00e1s de 663 mil casos"},"content":{"rendered":"\n<p>Autoridades de la Secretar\u00eda de Salud reportaron este s\u00e1bado 12 de septiembre 70 mil 604 muertes por Covid-19, \u00a0as\u00ed como 663 mil 973 casos confirmados, 87 mil 150 sospechosos y 759 mil 188 negativos.\u00a0\u00a0<br><br>El viernes, M\u00e9xico rebas\u00f3 los 70 mil\u00a0 muertos por coronavirus en medio de una ralentizaci\u00f3n de la pandemia, pero con dudas acerca de la viabilidad de la vacuna de AstraZeneca que se producir\u00e1 en el pa\u00eds y miedo por la pr\u00f3xima temporada de influenza.\u00a0<br><br>Actualmente, M\u00e9xico es el cuarto pa\u00eds del mundo con m\u00e1s muertes a causa del coronavirus solo por debajo de Estados Unidos, Brasil e India, y el s\u00e9ptimo en n\u00famero de contagios.<br><br>El n\u00famero de muertos supera lo proyectado inicialmente por el Gobierno, aunque este siempre reconoci\u00f3 que la epidemia ser\u00eda &#8220;larga&#8221;.\u00a0<\/p>\n","protected":false},"excerpt":{"rendered":"<p>Autoridades de la Secretar\u00eda de Salud reportaron este s\u00e1bado 12 de septiembre 70 mil 604 muertes por Covid-19, \u00a0as\u00ed como 663 mil 973 casos confirmados, 87 mil 150 sospechosos y 759 mil 188 negativos.\u00a0\u00a0 El viernes, M\u00e9xico rebas\u00f3 los 70 mil\u00a0 muertos por coronavirus en medio de una ralentizaci\u00f3n de la pandemia, pero con dudas [&hellip;]<\/p>\n","protected":false},"author":81,"featured_media":131218,"comment_status":"closed","ping_status":"open","sticky":false,"template":"","format":"standard","meta":{"footnotes":""},"categories":[15,36],"tags":[],"class_list":["post-132373","post","type-post","status-publish","format-standard","has-post-thumbnail","hentry","category-destacadas","category-nacion"],"_links":{"self":[{"href":"https:\/\/plazajuarez.mx\/historico\/wp-json\/wp\/v2\/posts\/132373","targetHints":{"allow":["GET"]}}],"collection":[{"href":"https:\/\/plazajuarez.mx\/historico\/wp-json\/wp\/v2\/posts"}],"about":[{"href":"https:\/\/plazajuarez.mx\/historico\/wp-json\/wp\/v2\/types\/post"}],"author":[{"embeddable":true,"href":"https:\/\/plazajuarez.mx\/historico\/wp-json\/wp\/v2\/users\/81"}],"replies":[{"embeddable":true,"href":"https:\/\/plazajuarez.mx\/historico\/wp-json\/wp\/v2\/comments?post=132373"}],"version-history":[{"count":0,"href":"https:\/\/plazajuarez.mx\/historico\/wp-json\/wp\/v2\/posts\/132373\/revisions"}],"wp:featuredmedia":[{"embeddable":true,"href":"https:\/\/plazajuarez.mx\/historico\/wp-json\/wp\/v2\/media\/131218"}],"wp:attachment":[{"href":"https:\/\/plazajuarez.mx\/historico\/wp-json\/wp\/v2\/media?parent=132373"}],"wp:term":[{"taxonomy":"category","embeddable":true,"href":"https:\/\/plazajuarez.mx\/historico\/wp-json\/wp\/v2\/categories?post=132373"},{"taxonomy":"post_tag","embeddable":true,"href":"https:\/\/plazajuarez.mx\/historico\/wp-json\/wp\/v2\/tags?post=132373"}],"curies":[{"name":"wp","href":"https:\/\/api.w.org\/{rel}","templated":true}]}}