{"id":132370,"date":"2020-09-12T20:27:41","date_gmt":"2020-09-13T01:27:41","guid":{"rendered":"https:\/\/plazajuarez.mx\/?p=132370"},"modified":"2020-09-12T20:27:57","modified_gmt":"2020-09-13T01:27:57","slug":"trabajaremos-por-las-comunidades-de-pachuca-pablo-vargas","status":"publish","type":"post","link":"https:\/\/plazajuarez.mx\/historico\/trabajaremos-por-las-comunidades-de-pachuca-pablo-vargas\/","title":{"rendered":"Trabajaremos por las comunidades de Pachuca: Pablo Vargas"},"content":{"rendered":"\n<p>Pachuca crece aceleradamente; sin embargo, su desarrollo es tan r\u00e1pido y urbanizado que se est\u00e1n quedando en el abandono las comunidades y rancher\u00edas de nuestra Bella Airosa, \u201ces momento de trabajar por quienes menos tienen y que por a\u00f1os han quedado en el olvido de las autoridades\u201d, asegur\u00f3 el candidato por Movimiento de Regeneraci\u00f3n Nacional (Morena) a la presidencia municipal de la capital hidalguense, Pablo Vargas.<\/p>\n\n\n\n<p>En un recorrido por las comunidades de Camelias, San Miguel Cerezo y El Bordo, vecinas y vecinos de estas localidades se acercaron al candidato de Morena para expresarle sus necesidades, \u201cla anterior presidenta municipal, prometi\u00f3 pavimentar y dar una soluci\u00f3n a varias de nuestras problem\u00e1ticas, principalmente de agua potable; sin embargo, solo fueron palabras que el viento se llev\u00f3, pues sino arregl\u00f3 las calles del centro de Pachuca que es por donde pasa, menos de un lugar que nunca visita\u201d, aseveraron lugare\u00f1os.<\/p>\n\n\n\n<p>Pablo Vargas manifest\u00f3 que la ciudad est\u00e1 destrozada, est\u00e1 en crisis, \u201cla anterior administraci\u00f3n, que estuvo en manos panistas, dej\u00f3 una herencia negra, una herencia con poco margen de maniobra para mejorar todo lo que hace falta en la ciudad; estamos conscientes de ello; pero eso no nos va a detener para trabajar en favor de quienes menos tienen, nosotros sabemos hacer gesti\u00f3n y pondremos todo nuestro empe\u00f1o para traer m\u00e1s recursos a la capital, pero para poder hacerlo necesitamos trabajar en conjunto, el verdadero cambio se hace de la mano de la sociedad y con su apoyo podemos cambiar el rostro de Pachuca\u201d.<\/p>\n\n\n\n<p>Durante su visita a las comunidades m\u00e1s lejanas de Pachuca, Pablo Vargas record\u00f3 que la capital hidalguense cuenta con 271 colonias, de las cuales seis son localidades rurales, pues adem\u00e1s de Las Camelias, El Cerezo y El Bordo, tambi\u00e9n se encuentra el Huixmi, Tlapacoya y Santa Gertrudis, por ello el aspirante a la presidencia municipal de Pachuca, pidi\u00f3 el apoyo de sus habitantes para hacer un cambio verdadero, a repetir el triunfo del 2018, y por supuesto las y los colonos expresaron su compromiso para hacer historia en Hidalgo.\u00a0 \u00a0\u00a0<\/p>\n","protected":false},"excerpt":{"rendered":"<p>Pachuca crece aceleradamente; sin embargo, su desarrollo es tan r\u00e1pido y urbanizado que se est\u00e1n quedando en el abandono las comunidades y rancher\u00edas de nuestra Bella Airosa, \u201ces momento de trabajar por quienes menos tienen y que por a\u00f1os han quedado en el olvido de las autoridades\u201d, asegur\u00f3 el candidato por Movimiento de Regeneraci\u00f3n Nacional [&hellip;]<\/p>\n","protected":false},"author":93,"featured_media":132371,"comment_status":"closed","ping_status":"open","sticky":false,"template":"","format":"standard","meta":{"footnotes":""},"categories":[59],"tags":[],"class_list":["post-132370","post","type-post","status-publish","format-standard","has-post-thumbnail","hentry","category-general"],"_links":{"self":[{"href":"https:\/\/plazajuarez.mx\/historico\/wp-json\/wp\/v2\/posts\/132370","targetHints":{"allow":["GET"]}}],"collection":[{"href":"https:\/\/plazajuarez.mx\/historico\/wp-json\/wp\/v2\/posts"}],"about":[{"href":"https:\/\/plazajuarez.mx\/historico\/wp-json\/wp\/v2\/types\/post"}],"author":[{"embeddable":true,"href":"https:\/\/plazajuarez.mx\/historico\/wp-json\/wp\/v2\/users\/93"}],"replies":[{"embeddable":true,"href":"https:\/\/plazajuarez.mx\/historico\/wp-json\/wp\/v2\/comments?post=132370"}],"version-history":[{"count":0,"href":"https:\/\/plazajuarez.mx\/historico\/wp-json\/wp\/v2\/posts\/132370\/revisions"}],"wp:featuredmedia":[{"embeddable":true,"href":"https:\/\/plazajuarez.mx\/historico\/wp-json\/wp\/v2\/media\/132371"}],"wp:attachment":[{"href":"https:\/\/plazajuarez.mx\/historico\/wp-json\/wp\/v2\/media?parent=132370"}],"wp:term":[{"taxonomy":"category","embeddable":true,"href":"https:\/\/plazajuarez.mx\/historico\/wp-json\/wp\/v2\/categories?post=132370"},{"taxonomy":"post_tag","embeddable":true,"href":"https:\/\/plazajuarez.mx\/historico\/wp-json\/wp\/v2\/tags?post=132370"}],"curies":[{"name":"wp","href":"https:\/\/api.w.org\/{rel}","templated":true}]}}