{"id":13237,"date":"2015-11-10T16:07:22","date_gmt":"2015-11-10T16:07:22","guid":{"rendered":"http:\/\/plazajuarez.mx\/index\/index.php\/2015\/11\/10\/situacion-critica-de-policias-en-edomex-guerrero-michoacan-y-zacatecas\/"},"modified":"2015-11-10T16:07:22","modified_gmt":"2015-11-10T16:07:22","slug":"situacion-critica-de-policias-en-edomex-guerrero-michoacan-y-zacatecas","status":"publish","type":"post","link":"https:\/\/plazajuarez.mx\/historico\/situacion-critica-de-policias-en-edomex-guerrero-michoacan-y-zacatecas\/","title":{"rendered":"Situaci\u00f3n cr\u00edtica de polic\u00edas en Edomex, Guerrero, Michoac\u00e1n y Zacatecas"},"content":{"rendered":"<p>\u201cCausa en Com\u00fan\u201d, que encabeza la activista Mar\u00eda Elena Morera, refiri\u00f3 que estado de M\u00e9xico, junto con Zacatecas y Sonora son las \u00fanicas entidades que no cuentan con unidad de polic\u00eda de asuntos internos y s\u00f3lo cuentan con departamentos encargados de recopilar quejas y realizar investigaciones.<\/p>\n<p>  <!--more-->  <\/p>\n<p>\u00a0<\/p>\n<p>Los datos fueron difundidos en el marco del Cuarto Foro Nacional Sumemos Causas por la Seguridad, Ciudadanos M\u00e1s Polic\u00edas, que organiza Causa en Com\u00fan.<\/p>\n<p>Los cuerpos policiacos de los estados de M\u00e9xico, Guerrero, Michoac\u00e1n y Zacatecas enfrentan una \u201csituaci\u00f3n cr\u00edtica\u201d en materia de desarrollo policial, inform\u00f3 ayer la organizaci\u00f3n Causa en Com\u00fan, al hacer p\u00fablicos los resultados del diagn\u00f3stico &#8220;Desarrollo Policial en las entidades federativas&#8221;, que por cuarto a\u00f1o consecutivo realiz\u00f3 la asociaci\u00f3n civil.<\/p>\n<p>En ese informe se establece que esas cuatro entidades del pa\u00eds figuran en los \u00faltimos lugares en los rubros de sistema profesional de carrera policial, habilidades y destrezas, control de confianza, profesionalizaci\u00f3n y r\u00e9gimen disciplinario.<\/p>\n<p>En el caso del estado de M\u00e9xico y de Guerrero, sus cuerpos policiacos estatales y municipales tienen deficiencias graves en la conformaci\u00f3n de un sistema profesional de carrera policial, al igual que Campeche, Durango, Morelos y Tlaxcala.<\/p>\n<p>Por citar un ejemplo, en el caso del estado de M\u00e9xico, sus cuerpos policiacos no han llevado a cabo evaluaciones de habilidades y destrezas en los \u00faltimos a\u00f1os, lo mismo sucede con las polic\u00edas de Michoac\u00e1n y Guerrero.<\/p>\n<p>En materia de control de confianza, Estado de M\u00e9xico tambi\u00e9n se encuentra en los \u00faltimos sitios por n\u00famero de elementos en activo que no aprobaron el control de confianza, con mil 103 efectivos.<\/p>\n<p>\u00a0<\/p>\n","protected":false},"excerpt":{"rendered":"<p>\u201cCausa en Com\u00fan\u201d, que encabeza la activista Mar\u00eda Elena Morera, refiri\u00f3 que estado de M\u00e9xico, junto con Zacatecas y Sonora son las \u00fanicas entidades que no cuentan con unidad de polic\u00eda de asuntos internos y s\u00f3lo cuentan con departamentos encargados de recopilar quejas y realizar investigaciones.<\/p>\n","protected":false},"author":93,"featured_media":0,"comment_status":"open","ping_status":"open","sticky":false,"template":"","format":"standard","meta":{"footnotes":""},"categories":[36],"tags":[],"class_list":["post-13237","post","type-post","status-publish","format-standard","hentry","category-nacion"],"_links":{"self":[{"href":"https:\/\/plazajuarez.mx\/historico\/wp-json\/wp\/v2\/posts\/13237","targetHints":{"allow":["GET"]}}],"collection":[{"href":"https:\/\/plazajuarez.mx\/historico\/wp-json\/wp\/v2\/posts"}],"about":[{"href":"https:\/\/plazajuarez.mx\/historico\/wp-json\/wp\/v2\/types\/post"}],"author":[{"embeddable":true,"href":"https:\/\/plazajuarez.mx\/historico\/wp-json\/wp\/v2\/users\/93"}],"replies":[{"embeddable":true,"href":"https:\/\/plazajuarez.mx\/historico\/wp-json\/wp\/v2\/comments?post=13237"}],"version-history":[{"count":0,"href":"https:\/\/plazajuarez.mx\/historico\/wp-json\/wp\/v2\/posts\/13237\/revisions"}],"wp:attachment":[{"href":"https:\/\/plazajuarez.mx\/historico\/wp-json\/wp\/v2\/media?parent=13237"}],"wp:term":[{"taxonomy":"category","embeddable":true,"href":"https:\/\/plazajuarez.mx\/historico\/wp-json\/wp\/v2\/categories?post=13237"},{"taxonomy":"post_tag","embeddable":true,"href":"https:\/\/plazajuarez.mx\/historico\/wp-json\/wp\/v2\/tags?post=13237"}],"curies":[{"name":"wp","href":"https:\/\/api.w.org\/{rel}","templated":true}]}}