{"id":13236,"date":"2015-11-10T16:07:20","date_gmt":"2015-11-10T16:07:20","guid":{"rendered":"http:\/\/plazajuarez.mx\/index\/index.php\/2015\/11\/10\/gendarmes-y-civiles-se-enfrentan-en-ocotlan\/"},"modified":"2015-11-10T16:07:20","modified_gmt":"2015-11-10T16:07:20","slug":"gendarmes-y-civiles-se-enfrentan-en-ocotlan","status":"publish","type":"post","link":"https:\/\/plazajuarez.mx\/historico\/gendarmes-y-civiles-se-enfrentan-en-ocotlan\/","title":{"rendered":"Gendarmes y civiles se enfrentan en Ocotl\u00e1n"},"content":{"rendered":"<p><strong>Presuntamente civiles atacaron a federales<\/strong><\/p>\n<p>  <!--more-->  <\/p>\n<p><strong>\u00a0<\/strong><\/p>\n<p>Elementos de la Gendarmer\u00eda Nacional se enfrentaron la ma\u00f1ana de ayer a tiros con un grupo de civiles armados en el municipio de Ocotl\u00e1n; la informaci\u00f3n preliminar indica que al menos hay una persona muerta.<\/p>\n<p>Alrededor de las 8 horas la polic\u00eda municipal recibi\u00f3 el reporte sobre el tiroteo en la colonia Rinconada de la Arboleda y varios elementos acudieron al cruce de las calles Tabachines y Cenzontle, donde un grupo de gendarmes inform\u00f3 que ellos se har\u00edan cargo de la situaci\u00f3n.<\/p>\n<p>Los elementos federales indicaron que hab\u00edan sido atacados por un grupo de civiles, por lo que debieron repeler la agresi\u00f3n y una persona hab\u00eda muerto, sin embargo no se ha dado a conocer la identidad de \u00e9sta.<\/p>\n<p>Por su parte, la Fiscal\u00eda General del Estado indic\u00f3 que apoya el operativo implementado por las fuerzas federales con elementos de la Fuerza \u00danica Regional.<\/p>\n","protected":false},"excerpt":{"rendered":"<p>Presuntamente civiles atacaron a federales<\/p>\n","protected":false},"author":93,"featured_media":0,"comment_status":"open","ping_status":"open","sticky":false,"template":"","format":"standard","meta":{"footnotes":""},"categories":[36],"tags":[],"class_list":["post-13236","post","type-post","status-publish","format-standard","hentry","category-nacion"],"_links":{"self":[{"href":"https:\/\/plazajuarez.mx\/historico\/wp-json\/wp\/v2\/posts\/13236","targetHints":{"allow":["GET"]}}],"collection":[{"href":"https:\/\/plazajuarez.mx\/historico\/wp-json\/wp\/v2\/posts"}],"about":[{"href":"https:\/\/plazajuarez.mx\/historico\/wp-json\/wp\/v2\/types\/post"}],"author":[{"embeddable":true,"href":"https:\/\/plazajuarez.mx\/historico\/wp-json\/wp\/v2\/users\/93"}],"replies":[{"embeddable":true,"href":"https:\/\/plazajuarez.mx\/historico\/wp-json\/wp\/v2\/comments?post=13236"}],"version-history":[{"count":0,"href":"https:\/\/plazajuarez.mx\/historico\/wp-json\/wp\/v2\/posts\/13236\/revisions"}],"wp:attachment":[{"href":"https:\/\/plazajuarez.mx\/historico\/wp-json\/wp\/v2\/media?parent=13236"}],"wp:term":[{"taxonomy":"category","embeddable":true,"href":"https:\/\/plazajuarez.mx\/historico\/wp-json\/wp\/v2\/categories?post=13236"},{"taxonomy":"post_tag","embeddable":true,"href":"https:\/\/plazajuarez.mx\/historico\/wp-json\/wp\/v2\/tags?post=13236"}],"curies":[{"name":"wp","href":"https:\/\/api.w.org\/{rel}","templated":true}]}}