{"id":13235,"date":"2015-11-10T16:06:53","date_gmt":"2015-11-10T16:06:53","guid":{"rendered":"http:\/\/plazajuarez.mx\/index\/index.php\/2015\/11\/10\/rechaza-cndh-respuestas-a-medias-de-pgr\/"},"modified":"2015-11-10T16:06:53","modified_gmt":"2015-11-10T16:06:53","slug":"rechaza-cndh-respuestas-a-medias-de-pgr","status":"publish","type":"post","link":"https:\/\/plazajuarez.mx\/historico\/rechaza-cndh-respuestas-a-medias-de-pgr\/","title":{"rendered":"Rechaza CNDH \u201crespuestas a medias\u201d de PGR"},"content":{"rendered":"<p><strong>\u201cLa investigaci\u00f3n sobre el caso Iguala debe ser total\u201d<\/strong><\/p>\n<ul>\n<li><strong><strong>Ha incumplido las 26 observaciones hechas sobre el particular<\/strong><\/strong> <!--more--> <\/li>\n<\/ul>\n<p>M\u00e9xico, DF.- La investigaci\u00f3n de la Procuradur\u00eda General de la Rep\u00fablica sobre el caso Iguala &#8220;debe ser total y no admite respuestas a medias, ya que de ello dependen el esclarecimiento de los hechos y la verdad sobre tan lamentables acontecimientos&#8221;, expuso la Comisi\u00f3n Nacional de los Derechos Humanos sobre el incumplimiento de las 26 observaciones hechas sobre el particular.<\/p>\n<p>A trav\u00e9s de un comunicado, el titular de la Oficina Especial para el caso Iguala de la CNDH, Jos\u00e9 Trinidad Larrieta Carrasco, subray\u00f3 que la debida observancia de la PGR a las propuestas y observaciones que se le hicieron es requisito para materializar los ejes bajo los cuales la Comisi\u00f3n Nacional ha conducido su investigaci\u00f3n sobre violaciones a los derechos fundamentales.<\/p>\n<p>Asegur\u00f3 que se busca el respeto al derecho de las v\u00edctimas a conocer la verdad, se haga justicia, la reparaci\u00f3n integral del da\u00f1o y, desde luego, la convicci\u00f3n de que estos hechos no se vuelvan a repetir.<\/p>\n<p>Al hacer un an\u00e1lisis de los posicionamientos de la PGR en torno de las 26 propuestas que se le formularon, Larrieta Carrasco indic\u00f3 que, lamentablemente, ninguna de ellas fue atendida en su integridad por esa autoridad.<\/p>\n<p>Explic\u00f3 que dicha Procuradur\u00eda remiti\u00f3, el 27 de agosto pasado, una tarjeta informativa donde hace del conocimiento de la CNDH lo que estim\u00f3 un avance en las observaciones y propuestas que se le hicieron. Reiter\u00f3 que se trata de una respuesta de la PGR insuficiente e imprecisa ante las observaciones y propuestas sugeridas por este Organismo Nacional.<\/p>\n<p>La Comisi\u00f3n Nacional revis\u00f3 de manera puntual, escrupulosa, cuidadosa y responsable cada una de esas respuestas, y el 12 de octubre hizo saber a la PGR que s\u00f3lo dos observaciones fueron atendidas parcialmente, una tiene atenci\u00f3n con un avance m\u00ednimo, tres est\u00e1n en v\u00edas de atenci\u00f3n y 20 no han sido atendidas.<\/p>\n","protected":false},"excerpt":{"rendered":"<p>\u201cLa investigaci\u00f3n sobre el caso Iguala debe ser total\u201d Ha incumplido las 26 observaciones hechas sobre el particular<\/p>\n","protected":false},"author":93,"featured_media":0,"comment_status":"open","ping_status":"open","sticky":false,"template":"","format":"standard","meta":{"footnotes":""},"categories":[36],"tags":[],"class_list":["post-13235","post","type-post","status-publish","format-standard","hentry","category-nacion"],"_links":{"self":[{"href":"https:\/\/plazajuarez.mx\/historico\/wp-json\/wp\/v2\/posts\/13235","targetHints":{"allow":["GET"]}}],"collection":[{"href":"https:\/\/plazajuarez.mx\/historico\/wp-json\/wp\/v2\/posts"}],"about":[{"href":"https:\/\/plazajuarez.mx\/historico\/wp-json\/wp\/v2\/types\/post"}],"author":[{"embeddable":true,"href":"https:\/\/plazajuarez.mx\/historico\/wp-json\/wp\/v2\/users\/93"}],"replies":[{"embeddable":true,"href":"https:\/\/plazajuarez.mx\/historico\/wp-json\/wp\/v2\/comments?post=13235"}],"version-history":[{"count":0,"href":"https:\/\/plazajuarez.mx\/historico\/wp-json\/wp\/v2\/posts\/13235\/revisions"}],"wp:attachment":[{"href":"https:\/\/plazajuarez.mx\/historico\/wp-json\/wp\/v2\/media?parent=13235"}],"wp:term":[{"taxonomy":"category","embeddable":true,"href":"https:\/\/plazajuarez.mx\/historico\/wp-json\/wp\/v2\/categories?post=13235"},{"taxonomy":"post_tag","embeddable":true,"href":"https:\/\/plazajuarez.mx\/historico\/wp-json\/wp\/v2\/tags?post=13235"}],"curies":[{"name":"wp","href":"https:\/\/api.w.org\/{rel}","templated":true}]}}