{"id":13221,"date":"2015-11-10T12:03:30","date_gmt":"2015-11-10T12:03:30","guid":{"rendered":"http:\/\/plazajuarez.mx\/index\/index.php\/2015\/11\/10\/osorio-pide-respetal-a-el-salvador\/"},"modified":"2015-11-10T12:03:30","modified_gmt":"2015-11-10T12:03:30","slug":"osorio-pide-respetal-a-el-salvador","status":"publish","type":"post","link":"https:\/\/plazajuarez.mx\/historico\/osorio-pide-respetal-a-el-salvador\/","title":{"rendered":"OSORIO PIDE RESPETAL A EL SALVADOR"},"content":{"rendered":"<p><strong>ESTE FIN DE SEMANA, comienzan las eliminatorias Rumbo al Mundial de Rusia 2016, y el entrenador del Tri pide mesura <\/strong><\/p>\n<p>\u00a0<\/p>\n<p>  <!--more-->  <\/p>\n<p>\u00a0<\/p>\n<p>DATO<\/p>\n<p>Los dos rivales del Tri ser\u00e1n El Salvador y Honduras<\/p>\n<p>\u00a0<\/p>\n<p>Hace calor en el Centro de Alto Rendimiento. La cercan\u00eda a Cuernavaca hace subir la temperatura y a pleno sol, el Tri entrena en la cancha principal. Ah\u00ed est\u00e1n todos los viejos conocidos, desde Guillermo Ochoa hasta H\u00e9ctor Moreno, pasando por Jos\u00e9 Juan V\u00e1zquez y terminando con Javier Hern\u00e1ndez.\u00a0<\/p>\n<p> Pero la voz que se oye es la del \u201cnuevo\u201d, la de Juan Carlos Osorio. El colombiano es el \u00fanico que grita, el \u00fanico que se escucha bajo la atenta mirada de Decio de Mar\u00eda, presidente de la Federaci\u00f3n Mexicana de Futbol (FMF), quien se hizo presente en el primer entrenamiento de su apuesta hacia Rusia 2018.\u00a0<\/p>\n<p> \u201cDos m\u00e1s y se termina\u201d, ordena el nuevo timonel, y es hora de sentarse en la silla m\u00e1s caliente del futbol mexicano y dar la cara a los medios.\u00a0<br \/> Sabe que El Salvador no debe ser un rival que lo haga perder el sue\u00f1o, pero humilde, pide que ya no se subestime al rival en turno, sobre todo en eliminatoria mundialista.\u00a0<\/p>\n<p> \u201cHemos visto innumerables sorpresas en todo el mundo en este sentido, pero nuestra responsabilidad es preparar el juego pensando en el planteamiento t\u00e1ctico de ellos, mas tenemos que mostrar que somos mejores. Esta es una Liga muy reconocida, que tiene esa obligaci\u00f3n de competir bien y ganar, no s\u00e9 si de golear, pero s\u00ed de ganar y bien\u201d, dice.\u00a0<br \/> Los cuscatlecos llegar\u00e1n a M\u00e9xico con un equipo alterno, debido a la rebeli\u00f3n de sus principales jugadores contra su federaci\u00f3n.\u00a0<\/p>\n<p> Pero eso es lo que menos le interesa al colombiano, \u201clo que tenemos que hacer es analizar lo que traigan y hasta el momento ha sido dif\u00edcil\u201d, comenta.\u00a0<\/p>\n<p>\u00a0<\/p>\n<p>Quiz\u00e1 el principal problema que ve es la interminable enfermedad que aqueja al Tri cuando enfrente a rivales de la zona: \u201cla soberbia\u201d.\u00a0<br \/> \u201cHe hablado con los muchachos en ese sentido, que con frecuencia se menosprecia a los rivales y por eso se dan las sorpresas, pero creo que [ahora] el respeto por el rival no va a faltar\u201d.\u00a0<br \/> No quiere adelantarse, aunque sabe que lo m\u00e1s complicado se vivir\u00e1 el martes 10 en San Pedro Sula, cuando se d\u00e9 la visita a Honduras, \u201choy, el partido m\u00e1s dif\u00edcil es el que viene\u201d, el del debut.\u00a0 <\/p>\n<p>Adem\u00e1s de buscar iniciar la eliminatoria con dos victorias, Osorio tendr\u00e1 la misi\u00f3n de recuperar la hegemon\u00eda en la Concacaf, la que se ha perdido en los \u00faltimos a\u00f1os. \u201cHablando con ex jugadores, como Alberto Garc\u00eda Aspe, Jorge Campos, Cuauht\u00e9moc Blanco, coinciden que al llegar a esos juegos, con frecuencia se menosprecia a los rivales y la obligaci\u00f3n es golearlos, y esa no es la obligaci\u00f3n, la obligaci\u00f3n es ganar. Sabemos de la hostilidad que habr\u00e1 y si pongo un equipo combativo tenemos grandes posibilidades de lograr buenos resultados tanto dentro como fuera de casa\u201d.\u00a0<br \/> El t\u00e9cnico se guarda la alineaci\u00f3n: \u201cen un mundo perfecto, ya la tendr\u00eda, pero las cosas cambian\u201d\u00b4, y a\u00fan faltan d\u00edas para el juego del debut.\u00a0<\/p>\n<p>\u00a0<\/p>\n<p>Memo tiene oportunidad.\u00a0<br \/> El que Guillermo Ochoa tenga tres meses sin jugar un partido oficial y que lleve un a\u00f1o siendo suplente en el M\u00e1laga, es suficiente para ser convocado al Tri y disputarle un puesto a Mois\u00e9s Mu\u00f1oz y Alfredo Talavera. \u201cNadie me ha pedido explicaci\u00f3n de porqu\u00e9 lo llam\u00e9, pero todos saben lo que Memo ha aportado al futbol mexicano\u201d, expuso Osorio.<\/p>\n","protected":false},"excerpt":{"rendered":"<p>ESTE FIN DE SEMANA, comienzan las eliminatorias Rumbo al Mundial de Rusia 2016, y el entrenador del Tri pide mesura \u00a0<\/p>\n","protected":false},"author":93,"featured_media":0,"comment_status":"open","ping_status":"open","sticky":false,"template":"","format":"standard","meta":{"footnotes":""},"categories":[39],"tags":[],"class_list":["post-13221","post","type-post","status-publish","format-standard","hentry","category-deportiva"],"_links":{"self":[{"href":"https:\/\/plazajuarez.mx\/historico\/wp-json\/wp\/v2\/posts\/13221","targetHints":{"allow":["GET"]}}],"collection":[{"href":"https:\/\/plazajuarez.mx\/historico\/wp-json\/wp\/v2\/posts"}],"about":[{"href":"https:\/\/plazajuarez.mx\/historico\/wp-json\/wp\/v2\/types\/post"}],"author":[{"embeddable":true,"href":"https:\/\/plazajuarez.mx\/historico\/wp-json\/wp\/v2\/users\/93"}],"replies":[{"embeddable":true,"href":"https:\/\/plazajuarez.mx\/historico\/wp-json\/wp\/v2\/comments?post=13221"}],"version-history":[{"count":0,"href":"https:\/\/plazajuarez.mx\/historico\/wp-json\/wp\/v2\/posts\/13221\/revisions"}],"wp:attachment":[{"href":"https:\/\/plazajuarez.mx\/historico\/wp-json\/wp\/v2\/media?parent=13221"}],"wp:term":[{"taxonomy":"category","embeddable":true,"href":"https:\/\/plazajuarez.mx\/historico\/wp-json\/wp\/v2\/categories?post=13221"},{"taxonomy":"post_tag","embeddable":true,"href":"https:\/\/plazajuarez.mx\/historico\/wp-json\/wp\/v2\/tags?post=13221"}],"curies":[{"name":"wp","href":"https:\/\/api.w.org\/{rel}","templated":true}]}}