{"id":13220,"date":"2015-11-10T12:03:12","date_gmt":"2015-11-10T12:03:12","guid":{"rendered":"http:\/\/plazajuarez.mx\/index\/index.php\/2015\/11\/10\/futbol-nacional-273\/"},"modified":"2015-11-10T12:03:12","modified_gmt":"2015-11-10T12:03:12","slug":"futbol-nacional-273","status":"publish","type":"post","link":"https:\/\/plazajuarez.mx\/historico\/futbol-nacional-273\/","title":{"rendered":"Futbol Nacional"},"content":{"rendered":"<p>#AM\u00c9RICA<\/p>\n<p><strong>Pel\u00e1ez cultiva en Coapa la misi\u00f3n de ganar<\/strong><\/p>\n<ul>\n<li>EL EX COMENTARISTA recibi\u00f3 al equipo como pen\u00faltimo de la tabla, tras el Apertura 2011, y lo llev\u00f3 en un cuatrienio a ser el m\u00e1s ganador de M\u00e9xico.<\/li>\n<\/ul>\n<p>\u00a0<\/p>\n<p>  <!--more-->  <\/p>\n<p>\u00a0<\/p>\n<p>\u201cMi objetivo es que le tengo que entregar cuentas al consejo y al due\u00f1o [Emilio Azc\u00e1rraga]. Ser\u00e1 responsabilidad m\u00eda dar trofeos\u201d, Pel\u00e1ez.<\/p>\n<p>\u00a0<\/p>\n<p>\u00a0<\/p>\n<p>\u00a0<\/p>\n<p>\u00a0<\/p>\n<p>Ayer\u00a0se cumplieron cuatro a\u00f1os de la llegada de Ricardo Pel\u00e1ez al Nido de Coapa. Antes de su gesti\u00f3n como presidente deportivo, el Am\u00e9rica estaba m\u00e1s cercano al hazmerre\u00edr que a ser un equipo que presumiera grandeza.\u00a0<\/p>\n<p> El ex comentarista de Televisa recibi\u00f3 al equipo como pen\u00faltimo de la tabla, tras el Apertura 2011, y lo llev\u00f3 en un cuatrienio a ser el m\u00e1s ganador de M\u00e9xico. Super\u00f3 en cetros ligueros al Guadalajara (12) e igual\u00f3 a Cruz Azul con m\u00e1s coronas en la Liga de Campeones de la Concacaf, con seis.\u00a0<\/p>\n<p> Dos t\u00edtulos de Liga, un subcampeonato, m\u00e1s un cetro de \u201cConcachampions\u201d representan la frialdad del \u00e9xito de Pel\u00e1ez desde que tom\u00f3 las riendas en el Clausura 2012. En fase regular tiene 60% de efectividad, luego de haber obtenido 244 de 405 unidades posibles.\u00a0<br \/> Pel\u00e1ez ha contratado a Miguel Herrera, Antonio Mohamed, Gustavo Matosas e Ignacio Ambriz.<\/p>\n<p>\u00a0<\/p>\n<p>Tres de ellos han sido campeones y \u201cNacho\u201d tendr\u00e1 la oportunidad de serlo en la Liguilla del Apertura 2015. Ha tenido buen ojo para la elecci\u00f3n de los estrategas.\u00a0<br \/> Desde que Pel\u00e1ez es dirigente azulcrema, las \u00c1guilas no han faltado a una sola fase final. No ha importado el nombre del entrenador en turno, los resultados positivos han predominado en la gesti\u00f3n.\u00a0<\/p>\n<p>\u00a0<\/p>\n<p>\u201cPara m\u00ed, la f\u00f3rmula es buenos jugadores y buen ambiente de trabajo. Esto es competencia y es lo que te lleva al \u00e9xito. Lo he encontrado en los t\u00e9cnicos que han pasado por aqu\u00ed, quiero gente comprometida e ilusionada\u201d, explica.\u00a0<br \/> \u201cMi objetivo es que le tengo que entregar cuentas al consejo y al due\u00f1o [Emilio Azc\u00e1rraga]. Ser\u00e1 responsabilidad m\u00eda dar trofeos, si no el pr\u00f3ximo que se va soy yo. S\u00e9 el peso de esta silla y creo que hemos respondido\u201d, acepta.\u00a0<\/p>\n<p>\u00a0<\/p>\n<p>\u00a0<\/p>\n<p>\u00a0<\/p>\n<p>\u00a0<\/p>\n<p>**<\/p>\n<p>\u00a0<\/p>\n<p>\u00a0<\/p>\n<p>#GUADALAJARA-ATLAS<\/p>\n<p>\u00a0<\/p>\n<p><strong>En Chivas rechazan \u201cfracaso\u201d tras no calificar a la liguilla <\/strong><\/p>\n<p>\u00a0<\/p>\n<p>\u00a0<\/p>\n<p>Por delante le quedan dos partidos: ante Atlas y Santos. Las posibilidades de clasificar son m\u00ednimas. De hecho, si Veracruz derrota a Dorados este martes, el Guadalajara jugar\u00e1 el Cl\u00e1sico Tapat\u00edo, el mi\u00e9rcoles en el estadio Jalisco, matem\u00e1ticamente eliminado. Y a pesar de todo, el plantel considera que la etiqueta de \u201cfracaso\u201d no se debe utilizar.\u00a0<br \/> Israel Castro asegura que el hecho de haberse esforzado es suficiente para no sentirse fracasados.\u00a0<br \/> \u201cFracaso se puede mencionar por muchas situaciones, pero al intentar las cosas, al buscarlas, al ir por ellas y querer, alguien no fracasa. Nosotros hemos intentado, nos vamos a partir el alma en este partido. Pero si no intentamos las cosas, ah\u00ed s\u00ed ser\u00eda un fracaso\u201d.<\/p>\n<p>\u00a0<\/p>\n<p>\u00a0<br \/> El mediocampista asegura que haber conquistado la Copa MX no fue motivo de distracci\u00f3n.\u00a0<br \/> \u201cPues no lo creo. A lo mejor en discurso pudo haber interpretado de alguna manera, pero la prioridad la ten\u00edamos clara, la parte porcentual es una y otra es estar en Liguilla. Al final, son cosas paralelas, ten\u00edamos los dos objetivos, la importancia de la porcentual es latente, no podemos eliminarla y seguramente los discursos fueron distintos de unos u otros, pero el equipo est\u00e1 enfocado en la parte porcentual\u201d, asever\u00f3.<\/p>\n<p>\u00a0<\/p>\n<p> -Atlas, ofendido.\u00a0<br \/> Los \u00e1nimos del Cl\u00e1sico Tapat\u00edo se han encendido. El hecho de que algunos jugadores cantaran en contra de los Zorros durante el recorrido en el que festejaron el t\u00edtulo de la Copa MX result\u00f3 ofensivo.\u00a0<\/p>\n","protected":false},"excerpt":{"rendered":"<p>#AM\u00c9RICA Pel\u00e1ez cultiva en Coapa la misi\u00f3n de ganar EL EX COMENTARISTA recibi\u00f3 al equipo como pen\u00faltimo de la tabla, tras el Apertura 2011, y lo llev\u00f3 en un cuatrienio a ser el m\u00e1s ganador de M\u00e9xico. \u00a0<\/p>\n","protected":false},"author":93,"featured_media":0,"comment_status":"open","ping_status":"open","sticky":false,"template":"","format":"standard","meta":{"footnotes":""},"categories":[39],"tags":[],"class_list":["post-13220","post","type-post","status-publish","format-standard","hentry","category-deportiva"],"_links":{"self":[{"href":"https:\/\/plazajuarez.mx\/historico\/wp-json\/wp\/v2\/posts\/13220","targetHints":{"allow":["GET"]}}],"collection":[{"href":"https:\/\/plazajuarez.mx\/historico\/wp-json\/wp\/v2\/posts"}],"about":[{"href":"https:\/\/plazajuarez.mx\/historico\/wp-json\/wp\/v2\/types\/post"}],"author":[{"embeddable":true,"href":"https:\/\/plazajuarez.mx\/historico\/wp-json\/wp\/v2\/users\/93"}],"replies":[{"embeddable":true,"href":"https:\/\/plazajuarez.mx\/historico\/wp-json\/wp\/v2\/comments?post=13220"}],"version-history":[{"count":0,"href":"https:\/\/plazajuarez.mx\/historico\/wp-json\/wp\/v2\/posts\/13220\/revisions"}],"wp:attachment":[{"href":"https:\/\/plazajuarez.mx\/historico\/wp-json\/wp\/v2\/media?parent=13220"}],"wp:term":[{"taxonomy":"category","embeddable":true,"href":"https:\/\/plazajuarez.mx\/historico\/wp-json\/wp\/v2\/categories?post=13220"},{"taxonomy":"post_tag","embeddable":true,"href":"https:\/\/plazajuarez.mx\/historico\/wp-json\/wp\/v2\/tags?post=13220"}],"curies":[{"name":"wp","href":"https:\/\/api.w.org\/{rel}","templated":true}]}}