{"id":13218,"date":"2015-11-10T12:02:30","date_gmt":"2015-11-10T12:02:30","guid":{"rendered":"http:\/\/plazajuarez.mx\/index\/index.php\/2015\/11\/10\/buscando-definiciones\/"},"modified":"2015-11-10T12:02:30","modified_gmt":"2015-11-10T12:02:30","slug":"buscando-definiciones","status":"publish","type":"post","link":"https:\/\/plazajuarez.mx\/historico\/buscando-definiciones\/","title":{"rendered":"BUSCANDO DEFINICIONES"},"content":{"rendered":"<p>#ENTRE EL CALLEJ\u00d3N Y EL TENDIDO<\/p>\n<ul>\n<li><strong>ESTA TEMPORADA INVERNAL, es trascendental para el matador Joselito Adame <\/strong><\/li>\n<\/ul>\n<p>  <!--more-->  <\/p>\n<p>\u00a0<\/p>\n<p><strong>DATO<\/strong><\/p>\n<p>RETO DE ADAME<\/p>\n<p>Definir de una vez por todas el lugar de primera figura del toreo para que al regresar a Espa\u00f1a el a\u00f1o entrante<\/p>\n<p>\u00a0<\/p>\n<p>\u00a0<\/p>\n<p>Estimados Amigos, de nueva cuenta con un cordial saludo desde este espacio de Plaza Ju\u00e1rez. Va tomando fuerza la Fiesta Brava en la Rep\u00fablica Mexicana, una vez pasadas las Fiesta del Pilar, en el octubre espa\u00f1ol. Los matadores hispanos y los americanos que han realizado temporada en la Madre Patria hacen maletas y se trasladan al nuevo continente aprovechando el benigno clima latinoamericano que le permite realizar temporada en \u00e9stos lares, algunos coletas iberos sin mayor ambici\u00f3n que \u201chacer la Am\u00e9rica\u201d, esto es lidiar toros chicos y llevarse el dinero grande, afortunadamente son los menos, sin embargo aquellos que han llevado el peso de la temporada Espa\u00f1ola deben de venir a refrendar el sitio que tienen allende el Atl\u00e1ntico; lo anterior implica lograr un buen n\u00famero de fechas en plazas de primera categor\u00eda, alternando con los m\u00e1s destacados toreros tanto en M\u00e9xico como en pa\u00edses Sudamericanos.<\/p>\n<p>Por otra parte, para los toreros locales que han tenido la oportunidad de torear algunos festejos en la Pen\u00ednsula Ib\u00e9rica y Francia su presencia en las plazas americanas es imprescindible, buscando estar acartelados con las figuras espa\u00f1olas pues saben que un triunfo al lado de ellos representa la posibilidad de lograr algunos contratos el a\u00f1o siguiente en las ferias espa\u00f1olas. Caso excepcional, en la actualidad, es el de Joselito Adame, quien a base de triunfos importantes se va abriendo camino en el dif\u00edcil y mezquino medio taurino espa\u00f1ol, que como decimos en M\u00e9xico \u201cno puede ver ojos en otra cara\u201d y cuando un torero extranjero va sacando la cabeza buscan por todos los medios de impedirles el paso.<\/p>\n<p>Habr\u00e1 quien diga que en Espa\u00f1a todo el mundo torea, siempre y cuando comience \u201cdesde abajo\u201d, si pero ese no es el trato que se les da a sus toreros en nuestro terru\u00f1o, tan acostumbrados -como nos dej\u00f3 la conquista- a tratar de agradar al europeo, aqu\u00ed s\u00ed se les da el lugar de figuras a quienes han logrado un sitio relevante en Espa\u00f1a, se les confeccionan carteles muy a modo, con alternantes c\u00f3modos, toros de ganader\u00edas que garanticen buen juego (de las que \u00fanicamente contamos con algunas 10, que son las que m\u00e1s acomodan a los toreros europeos), ahora mismo est\u00e1n en M\u00e9xico un pu\u00f1ado de coletas encabezados por Juli\u00e1n L\u00f3pez Escobar \u201cEl Juli\u201d, David Fandila \u201cEl Fandi\u201d, Juan Jos\u00e9 Padilla y Alejandro Talavante, toreros que lidiaron arriba de las 40 corridas en Espa\u00f1a, a<\/p>\n<p>excepci\u00f3n de \u201cEl Juli\u201d que toreo 32 en la temporada espa\u00f1ola, pero ese se cuece aparte; en tanto que Joselito Adame solo tuvo la oportunidad de torear 16 tarden en cosos espa\u00f1oles.<\/p>\n<p>Es, precisamente Joselito Adame el torero que debe de buscar la definici\u00f3n de su sitio en la Fiesta Brava, un sitio que se ha ganado a pulso pero que en la Iberia no se le reconoce de plano, se le regatean lugares, este a\u00f1o solo consigui\u00f3 partir plaza en 16 oportunidades en Espa\u00f1a (cortando 16 orejas y un rabo a 32 astados lidiados) ciertamente se le anuncia en las Ferias m\u00e1s importantes, pero para abrir feria o a m\u00e1s en el segundo o tercer festejo, con alternantes de medio escalaf\u00f3n hacia abajo y reses de ganader\u00edas de las consideradas duras.<\/p>\n<p>No queremos pecar de suspicaces, pero hay evidencia del escozor que causa un triunfo del aquicalidense en la Madre Patria, continuamente los jueces de plaza o \u201cpresidentes\u201d escamotean trofeos a Joselito, algunas veces de manera descarada, otras les otorgan a sus alternantes trofeos de dudoso merecimiento, es el caso de que, coincidentemente, despu\u00e9s de haber cortado el rabo simb\u00f3lico de \u201cHechicero\u201d de Fuente Yimbro, en Guadalajara, Espa\u00f1a, el pasado mes de Septiembre, al d\u00eda siguiente hubo una lluvia de corte de ap\u00e9ndices de los toreros espa\u00f1oles de primera fila, en todas las corridas celebradas a lo largo y ancho de la geograf\u00eda taurina de la Madre Patria, ojala de verdad haya sido solo coincidencia por el bien de la Fiesta de Toros.<\/p>\n<p>Ahora bien, Joselito Adame esta temporada que invernal, que culmina hasta el mes de Abril del pr\u00f3ximo a\u00f1o, tiene el reto de definir de una vez por todas el lugar de primera figura del toreo para que al regresar a Espa\u00f1a el a\u00f1o entrante reclame el trato de figura que le regatean las empresas y no dudamos que algunas figuras del toreo; por lo pronto aqu\u00ed tiene el reto que le plantean Eulalio L\u00f3pez D\u00edaz \u201cEl Zotoluco\u201d y Octavio Garc\u00eda Gonz\u00e1lez \u201cEl Payo\u201d, no por nada las empresas de todo el pa\u00eds est\u00e1n buscando la confrontaci\u00f3n del hidroc\u00e1lido con \u201cZotoluco\u201d y \u201cEl Payo\u201d, ya sea en mano a mano o en tercias.<\/p>\n<p>Joselito tiene una apretada agenda, esperemos que primero Dios y luego su experiencia le libren de percances, porque no dudamos que lograr\u00e1 definir su sitio de primera figura del toreo, al nivel de los mejores de aqu\u00ed y de all\u00e1, por lo pronto este fin de semana despach\u00f3 9 astados, 3 el viernes en Monterrey, 4 el S\u00e1bado en Aguascalientes y 2 ayer en Guadalajara; la culminaci\u00f3n de esta batalla de Adame ha de ser la confrontaci\u00f3n que tendr\u00e1 con el \u201cPr\u00edncipe de Galapagar\u201d Jos\u00e9 Tom\u00e1s, en la Monumental Plaza de Toros M\u00e9xico, el 31 de Enero del a\u00f1o entrante, festejo para el cual ya se agotaron las localidades.<\/p>\n<p>Por ah\u00ed nos vemos ENTRE EL CALLEJ\u00d3N Y EL TENDIDO si Dios lo permite.<\/p>\n","protected":false},"excerpt":{"rendered":"<p>#ENTRE EL CALLEJ\u00d3N Y EL TENDIDO ESTA TEMPORADA INVERNAL, es trascendental para el matador Joselito Adame<\/p>\n","protected":false},"author":93,"featured_media":0,"comment_status":"open","ping_status":"open","sticky":false,"template":"","format":"standard","meta":{"footnotes":""},"categories":[39],"tags":[],"class_list":["post-13218","post","type-post","status-publish","format-standard","hentry","category-deportiva"],"_links":{"self":[{"href":"https:\/\/plazajuarez.mx\/historico\/wp-json\/wp\/v2\/posts\/13218","targetHints":{"allow":["GET"]}}],"collection":[{"href":"https:\/\/plazajuarez.mx\/historico\/wp-json\/wp\/v2\/posts"}],"about":[{"href":"https:\/\/plazajuarez.mx\/historico\/wp-json\/wp\/v2\/types\/post"}],"author":[{"embeddable":true,"href":"https:\/\/plazajuarez.mx\/historico\/wp-json\/wp\/v2\/users\/93"}],"replies":[{"embeddable":true,"href":"https:\/\/plazajuarez.mx\/historico\/wp-json\/wp\/v2\/comments?post=13218"}],"version-history":[{"count":0,"href":"https:\/\/plazajuarez.mx\/historico\/wp-json\/wp\/v2\/posts\/13218\/revisions"}],"wp:attachment":[{"href":"https:\/\/plazajuarez.mx\/historico\/wp-json\/wp\/v2\/media?parent=13218"}],"wp:term":[{"taxonomy":"category","embeddable":true,"href":"https:\/\/plazajuarez.mx\/historico\/wp-json\/wp\/v2\/categories?post=13218"},{"taxonomy":"post_tag","embeddable":true,"href":"https:\/\/plazajuarez.mx\/historico\/wp-json\/wp\/v2\/tags?post=13218"}],"curies":[{"name":"wp","href":"https:\/\/api.w.org\/{rel}","templated":true}]}}