{"id":13197,"date":"2015-11-09T12:01:39","date_gmt":"2015-11-09T12:01:39","guid":{"rendered":"http:\/\/plazajuarez.mx\/index\/index.php\/2015\/11\/09\/atacar-o-adular-he-ahi-el-dilema\/"},"modified":"2015-11-09T12:01:39","modified_gmt":"2015-11-09T12:01:39","slug":"atacar-o-adular-he-ahi-el-dilema","status":"publish","type":"post","link":"https:\/\/plazajuarez.mx\/historico\/atacar-o-adular-he-ahi-el-dilema\/","title":{"rendered":"ATACAR O ADULAR:  HE AH\u00cd EL DILEMA."},"content":{"rendered":"<p><em>\u201cEntre dos extremos viciosos<\/em><\/p>\n<p><em>se encuentra el virtuoso justo medio\u201d.<\/em><\/p>\n<p><strong>\u00a0<\/strong><\/p>\n<p><strong>Arist\u00f3teles.<\/strong><\/p>\n<p>  <!--more-->  <\/p>\n<p>\u00a0<\/p>\n<p>Quien escribe en peri\u00f3dicos sin ser periodista, se expone de gratis a: divergencias razonadas, ataques an\u00f3nimos, cr\u00edticas con fundamento o sin \u00e9l, ataques an\u00f3nimos o amistosos (y por tanto inmerecidos) reconocimientos. \u201cEl que se lleva, se aguanta\u201d, dice el viejo y conocido refr\u00e1n.<\/p>\n<p>\u00a0<\/p>\n<p>Con un entra\u00f1able amigo y Maestro de la vida, para prepararnos en los avatares de la pol\u00edtica realiz\u00e1bamos una serie de ejercicios para hacer que nuestra piel se tornara m\u00e1s gruesa e insensible que la de un elefante. As\u00ed entre copa y copa establec\u00edamos reglas para un \u201cinocente\u201d pasatiempo l\u00fadico (hoy que est\u00e1 de moda la palabreja). El juego consist\u00eda en decirnos las peores ofensas, sin l\u00edmite alguno en las palabras, sin respeto a tradiciones, jerarqu\u00edas o familia. Obviamente quien se enojaba perd\u00eda la ca\u00edda y esperaba el desquite. Eran aut\u00e9nticas batallas campales, en donde en lugar de piquetes de ojos y otras marruller\u00edas, exist\u00edan verdades, medias verdades, mentiras, calumnias\u2026 siempre con la \u00b4\u201dmagn\u00e1nima\u201d intenci\u00f3n de reducir a su m\u00ednima expresi\u00f3n la autoestima del adversario. Actualmente, ambos somos inmunes a la extrema susceptibilidad o al s\u00edndrome del tabique (mareo por subirse a uno).<\/p>\n<p>\u00a0<\/p>\n<p>Cuando se ejerce la afici\u00f3n de escribir, escuchar opiniones es enriquecedor, se est\u00e9 de acuerdo o no con ellas. A\u00fan despu\u00e9s de varios a\u00f1os, algunas cr\u00edticas hacen reflexionar. A continuaci\u00f3n menciono y comento las m\u00e1s comunes en mi caso: Primera:que evito poner nombres y apellidos a los destinatarios de mis art\u00edculos. Lo hago y lo seguir\u00e9 haciendo, no por cobard\u00eda o falta de valor civil, sino porque la mayor\u00eda de mis selectos lectores los identifican; los que no, pueden tomarlos como personajes de ciencia ficci\u00f3n. Debo decir que algunos aludidos hasta acusan recibo.<\/p>\n<p>\u00a0<\/p>\n<p>Segunda: que utilizo palabras rebuscadas. Tal vez sea cierto;en todo caso es deliberado; me sale el complejo de Profesor. Considero que el uso del diccionario (en materia ling\u00fc\u00edstica, las computadoras son poco confiables) no le hace mal a nadie. En este sentido, perm\u00edtanme recordar a Don Francisco G\u00f3mez de Quevedo Villegas y Santib\u00e1\u00f1ez Cevallos (creador del culteranismo en el Siglo de Oro espa\u00f1ol). Cuando terminaba un escrito, preguntaba a sus ayudantes \u00bfLo entienden? Si contestaban, s\u00ed, el pedante Profesor dec\u00eda \u201cEntonces lo voy a cambiar\u201d. En lo general era oscuramente culto, aunque de repente, se volv\u00eda bastante claridoso como cuando escribi\u00f3: \u201cTodos los que parecen est\u00fapidos, lo son y, adem\u00e1s tambi\u00e9n lo son la mitad de los que no lo parecen\u201d. En mi caso no creo que sea para tanto (Ni lo culterano ni lo est\u00fapido).<\/p>\n<p>\u00a0<\/p>\n<p>Tercera: exceso de citas, sin poner referencias de pie de p\u00e1gina. Efectivamente, espero que a alguien se le ocurra leer a alguno de los autores citados, para su propio crecimiento, o para tildarme de mentiroso y fatuo. Por otra parte, elogiar a mis amigos,lo hago y lo seguir\u00e9 haciendo. Que los critiquen sus enemigos, es su chamba. Lo m\u00edo es pura \u201ccuatitud\u201d. Aceptar\u00e9 todo tipo de recordatorios familiares cuando me vea lambisc\u00f3n ante un extra\u00f1o, para obtener o conservar un cargo p\u00fablico. No tengo vocaci\u00f3n de plum\u00edfero mercenario.<\/p>\n<p>\u00a0<\/p>\n<p>Criticar de manera negativa es muy f\u00e1cil y m\u00e1s cuando se trata del Gobierno o de alg\u00fan funcionario en particular (de Presidente de la Rep\u00fablica para abajo). Se necesita m\u00e1s \u00e9tica ciudadana para disentir, para ir en contra de la corriente, como lo hace la marabunta de pejezoombies y otras faunas por el estilo. Quede claro: siempre estar\u00e9 del lado de las instituciones y a mis amigos los defender\u00e9 aunque sean indefendibles.Como hombre, como profesionista, como servidor p\u00fablico, una gracia que puedo dispensar a alguien se me olvida, un favor que recibo me pone en deuda para toda la vida. Jam\u00e1s hablar\u00e9 mal de mis benefactores.<\/p>\n<p>\u00a0<\/p>\n<p>En sentido opuesto,algunas p\u00e1ginas de diversos medios conservan evidencias de mis actitudes disidencia y, desde luego, los nombres y hechos que me ofenden directa o indirectamente. Cuando creo que me asiste la raz\u00f3n, la defiendosin importarme tama\u00f1o, ni jerarqu\u00eda de mi adversario. Cuando algo no me gusta, lo digo sin ambages y lo firmo. Me encanta la pol\u00e9mica. Cuando tiro la piedra no escondo la mano.<\/p>\n<p>\u00a0<\/p>\n<p>La adulaci\u00f3n y la traici\u00f3n son hermanas. Al redactar estas letras record\u00e9 un soneto que escrib\u00ed hace ya varios a\u00f1os:<\/p>\n<p>\u00a0<\/p>\n<p>TRAICI\u00d3N<\/p>\n<p>\u00a0<\/p>\n<p>Si traicionar es demostrar valor<\/p>\n<p>De ser, entre el reba\u00f1o, diferente;<\/p>\n<p>Si es saber navegar contracorriente<\/p>\n<p>Me declaro culpable: \u00a1Soy traidor!<\/p>\n<p>\u00a0<\/p>\n<p>Y si es el pregonar que existe honor<\/p>\n<p>Cuando se reconoce ante la gente<\/p>\n<p>Una equivocaci\u00f3n, humildemente,<\/p>\n<p>Me declaro culpable: \u00a1Soy traidor!<\/p>\n<p>\u00a0<\/p>\n<p>Si un estigma me dan todos los d\u00edas<\/p>\n<p>Por no inmolarme en aras de un mes\u00edas,<\/p>\n<p>Me declaro culpable: \u00a1Soy traidor!<\/p>\n<p>\u00a0<\/p>\n<p>Si es traici\u00f3n un abrazo sin rencor<\/p>\n<p>A quien cruzo sus armas con las m\u00edas,<\/p>\n<p>Me declaro culpable: \u00a1Soy traidor!<\/p>\n<p>Noviembre, 2015.<\/p>\n","protected":false},"excerpt":{"rendered":"<p>\u201cEntre dos extremos viciosos se encuentra el virtuoso justo medio\u201d. \u00a0 Arist\u00f3teles.<\/p>\n","protected":false},"author":93,"featured_media":0,"comment_status":"open","ping_status":"open","sticky":false,"template":"","format":"standard","meta":{"footnotes":""},"categories":[50],"tags":[],"class_list":["post-13197","post","type-post","status-publish","format-standard","hentry","category-prisciliano-gutierrez"],"_links":{"self":[{"href":"https:\/\/plazajuarez.mx\/historico\/wp-json\/wp\/v2\/posts\/13197","targetHints":{"allow":["GET"]}}],"collection":[{"href":"https:\/\/plazajuarez.mx\/historico\/wp-json\/wp\/v2\/posts"}],"about":[{"href":"https:\/\/plazajuarez.mx\/historico\/wp-json\/wp\/v2\/types\/post"}],"author":[{"embeddable":true,"href":"https:\/\/plazajuarez.mx\/historico\/wp-json\/wp\/v2\/users\/93"}],"replies":[{"embeddable":true,"href":"https:\/\/plazajuarez.mx\/historico\/wp-json\/wp\/v2\/comments?post=13197"}],"version-history":[{"count":0,"href":"https:\/\/plazajuarez.mx\/historico\/wp-json\/wp\/v2\/posts\/13197\/revisions"}],"wp:attachment":[{"href":"https:\/\/plazajuarez.mx\/historico\/wp-json\/wp\/v2\/media?parent=13197"}],"wp:term":[{"taxonomy":"category","embeddable":true,"href":"https:\/\/plazajuarez.mx\/historico\/wp-json\/wp\/v2\/categories?post=13197"},{"taxonomy":"post_tag","embeddable":true,"href":"https:\/\/plazajuarez.mx\/historico\/wp-json\/wp\/v2\/tags?post=13197"}],"curies":[{"name":"wp","href":"https:\/\/api.w.org\/{rel}","templated":true}]}}