{"id":131961,"date":"2020-09-10T07:28:09","date_gmt":"2020-09-10T12:28:09","guid":{"rendered":"https:\/\/plazajuarez.mx\/?p=131961"},"modified":"2020-09-10T07:28:23","modified_gmt":"2020-09-10T12:28:23","slug":"raul-zurita-canessa-premio-reina-sofia-de-poesia-iberoamericana","status":"publish","type":"post","link":"https:\/\/plazajuarez.mx\/historico\/raul-zurita-canessa-premio-reina-sofia-de-poesia-iberoamericana\/","title":{"rendered":"Ra\u00fal Zurita Canessa, Premio Reina Sof\u00eda de Poes\u00eda Iberoamericana"},"content":{"rendered":"\n<p>El chileno Ra\u00fal Zurita Canessa fue galardonado con el XXIX Premio Reina Sof\u00eda de Poes\u00eda Iberoamericana, el m\u00e1s importante reconocimiento de poes\u00eda en espa\u00f1ol y portugu\u00e9s, seg\u00fan el fallo del jurado hecho p\u00fablico el martes, que destac\u00f3 su ejemplo po\u00e9tico de &#8220;sobreponerse al dolor&#8221;.<\/p>\n\n\n\n<p>La presidenta de Patrimonio Nacional de Espa\u00f1a, Llanos Castellanos, dio a conocer el fallo del premio dotado con 42.100 euros (49.600 d\u00f3lares) y que conceden esa instituci\u00f3n y la Universidad de Salamanca, tras la reuni\u00f3n que mantuvo el jurado, de forma telem\u00e1tica por la pandemia de coronavirus.<\/p>\n\n\n\n<p>El jurado valor\u00f3 &#8220;el conjunto de la obra po\u00e9tica de una de las figuras m\u00e1s representativas de la poes\u00eda a un lado y otro del Atl\u00e1ntico&#8221;.<\/p>\n","protected":false},"excerpt":{"rendered":"<p>El chileno Ra\u00fal Zurita Canessa fue galardonado con el XXIX Premio Reina Sof\u00eda de Poes\u00eda Iberoamericana, el m\u00e1s importante reconocimiento de poes\u00eda en espa\u00f1ol y portugu\u00e9s, seg\u00fan el fallo del jurado hecho p\u00fablico el martes, que destac\u00f3 su ejemplo po\u00e9tico de &#8220;sobreponerse al dolor&#8221;. La presidenta de Patrimonio Nacional de Espa\u00f1a, Llanos Castellanos, dio a [&hellip;]<\/p>\n","protected":false},"author":80,"featured_media":132035,"comment_status":"closed","ping_status":"open","sticky":false,"template":"","format":"standard","meta":{"footnotes":""},"categories":[41],"tags":[],"class_list":["post-131961","post","type-post","status-publish","format-standard","has-post-thumbnail","hentry","category-arteria-cultural"],"_links":{"self":[{"href":"https:\/\/plazajuarez.mx\/historico\/wp-json\/wp\/v2\/posts\/131961","targetHints":{"allow":["GET"]}}],"collection":[{"href":"https:\/\/plazajuarez.mx\/historico\/wp-json\/wp\/v2\/posts"}],"about":[{"href":"https:\/\/plazajuarez.mx\/historico\/wp-json\/wp\/v2\/types\/post"}],"author":[{"embeddable":true,"href":"https:\/\/plazajuarez.mx\/historico\/wp-json\/wp\/v2\/users\/80"}],"replies":[{"embeddable":true,"href":"https:\/\/plazajuarez.mx\/historico\/wp-json\/wp\/v2\/comments?post=131961"}],"version-history":[{"count":0,"href":"https:\/\/plazajuarez.mx\/historico\/wp-json\/wp\/v2\/posts\/131961\/revisions"}],"wp:featuredmedia":[{"embeddable":true,"href":"https:\/\/plazajuarez.mx\/historico\/wp-json\/wp\/v2\/media\/132035"}],"wp:attachment":[{"href":"https:\/\/plazajuarez.mx\/historico\/wp-json\/wp\/v2\/media?parent=131961"}],"wp:term":[{"taxonomy":"category","embeddable":true,"href":"https:\/\/plazajuarez.mx\/historico\/wp-json\/wp\/v2\/categories?post=131961"},{"taxonomy":"post_tag","embeddable":true,"href":"https:\/\/plazajuarez.mx\/historico\/wp-json\/wp\/v2\/tags?post=131961"}],"curies":[{"name":"wp","href":"https:\/\/api.w.org\/{rel}","templated":true}]}}