{"id":131960,"date":"2020-09-10T07:29:42","date_gmt":"2020-09-10T12:29:42","guid":{"rendered":"https:\/\/plazajuarez.mx\/?p=131960"},"modified":"2020-09-10T07:29:52","modified_gmt":"2020-09-10T12:29:52","slug":"joaquin-sabina-leiva-y-rozalen-homenajearan-a-benedetti","status":"publish","type":"post","link":"https:\/\/plazajuarez.mx\/historico\/joaquin-sabina-leiva-y-rozalen-homenajearan-a-benedetti\/","title":{"rendered":"Joaqu\u00edn Sabina, Leiva y Rozal\u00e9n homenajear\u00e1n a Benedetti"},"content":{"rendered":"\n<p>Los cantantes Joaqu\u00edn Sabina, Leiva, Rozal\u00e9n y Vanesa Mart\u00edn participar\u00e1n el pr\u00f3ximo lunes en un homenaje al escritor uruguayo Mario Benedetti en el centenario de su nacimiento y tras la publicaci\u00f3n de una antolog\u00eda de sus poemas realizada por Joan Manuel Serrat.<\/p>\n\n\n\n<p>Un acto organizado por el Instituto Cervantes y la editorial Alfaguara en el que habr\u00e1 un recital po\u00e9tico a cargo de los cantautores Joaqu\u00edn Sabina y Leiva, los escritores Benjam\u00edn Prado y Elvira Sastre; el compositor y m\u00fasico Marwan; la cantante y compositora Vanesa Mart\u00edn; y la cantautora y compositora Rozal\u00e9n.<\/p>\n\n\n\n<p>En el acto se celebrar\u00e1 la memoria y el legado de Benedetti (1920-2009), uno de los poetas m\u00e1s queridos y cuyos versos siguen siendo recitados y cantados, seg\u00fan recuerdan en un comunicado el Instituto Cervantes y la editorial Alfaguara.<\/p>\n\n\n\n<p>&#8220;Su poes\u00eda ha trascendido el \u00e1mbito literario y se siente, a ambos lados del Atl\u00e1ntico, como parte de un patrimonio popular que nos une y se transmite de generaci\u00f3n en generaci\u00f3n&#8221;, destacan.<\/p>\n\n\n\n<p>En el homenaje, el director del Instituto Cervantes, Luis Garc\u00eda Montero, y la directora editorial de Alfaguara, Pilar Reyes, hablar\u00e1n de la antolog\u00eda po\u00e9tica que ha preparado Serrat y que publica esta editorial.<\/p>\n","protected":false},"excerpt":{"rendered":"<p>Los cantantes Joaqu\u00edn Sabina, Leiva, Rozal\u00e9n y Vanesa Mart\u00edn participar\u00e1n el pr\u00f3ximo lunes en un homenaje al escritor uruguayo Mario Benedetti en el centenario de su nacimiento y tras la publicaci\u00f3n de una antolog\u00eda de sus poemas realizada por Joan Manuel Serrat. Un acto organizado por el Instituto Cervantes y la editorial Alfaguara en el [&hellip;]<\/p>\n","protected":false},"author":80,"featured_media":132034,"comment_status":"closed","ping_status":"open","sticky":false,"template":"","format":"standard","meta":{"footnotes":""},"categories":[41],"tags":[],"class_list":["post-131960","post","type-post","status-publish","format-standard","has-post-thumbnail","hentry","category-arteria-cultural"],"_links":{"self":[{"href":"https:\/\/plazajuarez.mx\/historico\/wp-json\/wp\/v2\/posts\/131960","targetHints":{"allow":["GET"]}}],"collection":[{"href":"https:\/\/plazajuarez.mx\/historico\/wp-json\/wp\/v2\/posts"}],"about":[{"href":"https:\/\/plazajuarez.mx\/historico\/wp-json\/wp\/v2\/types\/post"}],"author":[{"embeddable":true,"href":"https:\/\/plazajuarez.mx\/historico\/wp-json\/wp\/v2\/users\/80"}],"replies":[{"embeddable":true,"href":"https:\/\/plazajuarez.mx\/historico\/wp-json\/wp\/v2\/comments?post=131960"}],"version-history":[{"count":0,"href":"https:\/\/plazajuarez.mx\/historico\/wp-json\/wp\/v2\/posts\/131960\/revisions"}],"wp:featuredmedia":[{"embeddable":true,"href":"https:\/\/plazajuarez.mx\/historico\/wp-json\/wp\/v2\/media\/132034"}],"wp:attachment":[{"href":"https:\/\/plazajuarez.mx\/historico\/wp-json\/wp\/v2\/media?parent=131960"}],"wp:term":[{"taxonomy":"category","embeddable":true,"href":"https:\/\/plazajuarez.mx\/historico\/wp-json\/wp\/v2\/categories?post=131960"},{"taxonomy":"post_tag","embeddable":true,"href":"https:\/\/plazajuarez.mx\/historico\/wp-json\/wp\/v2\/tags?post=131960"}],"curies":[{"name":"wp","href":"https:\/\/api.w.org\/{rel}","templated":true}]}}