{"id":13196,"date":"2015-11-09T12:01:35","date_gmt":"2015-11-09T12:01:35","guid":{"rendered":"http:\/\/plazajuarez.mx\/index\/index.php\/2015\/11\/09\/enloquecio-el-emperador\/"},"modified":"2020-04-14T22:33:58","modified_gmt":"2020-04-14T22:33:58","slug":"enloquecio-el-emperador","status":"publish","type":"post","link":"https:\/\/plazajuarez.mx\/historico\/enloquecio-el-emperador\/","title":{"rendered":"Enloqueci\u00f3 el emperador"},"content":{"rendered":"<p><strong>Pulso del Mezquital<\/strong><\/p>\n<p>  <!--more-->  <\/p>\n<p>\u00a0<\/p>\n<p>Pobres de aquellos hombres que aspiran al poder que en la primer prueba se llenan de arrogancia y soberbia, olvidando ser aves de paso. El reto no es acceder a \u00e9l, sino mantenerlo, para entonces hacer lo que se le pegue la gana, por ejemplo el Senador, Omar Fayad, quien pareciera fue de los beneficiados de la resoluci\u00f3n de la Suprema Corte de Justicia de la Naci\u00f3n (SCJN) para producir su propia mota, de no haberse echado un churrito, no entender\u00edamos su propuesta de ley mordaza que propuso para restringir el uso del internet y redes sociales, donde m\u00e1s tard\u00f3 en darla a conocer, que miles lo insultaran, evidenciaran y criticaran, con memes curios\u00edsimos, desde el mal gusto para elegir su traje de ba\u00f1o, hasta por haberse echado m\u00e1s de una dormidita en el Congreso, aunque todo esto le hacen lo que el viento a Ju\u00e1rez, seguramente lo seguiremos viendo en la \u00e9lite de los que mandan en Hidalgo.<\/p>\n<p>Sin embargo hay quienes se elevan poquito del suelo, pero se extrav\u00edan en las alturas, pierden la noci\u00f3n del tiempo, el cual es justo, preciso, implacable, record\u00e1ndonos que el poder es un vicio, demandante, delicado y caro. Muchos servir\u00edan de ejemplo, s\u00f3lo basta ver los alcaldes, incluso de esta regi\u00f3n, uno o cuando mucho dos, se salvan de este concepto, los dem\u00e1s de minis emperadores perdidos en su supremac\u00eda ficticia.<\/p>\n<p>Desde luego, que existen aquellos que vienen a innovar el poder, eludiendo los principios b\u00e1sicos de la pol\u00edtica, prefiriendo conseguirlo a producto de gallina, como es el caso del presidente municipal de Ixmiquilpan, Cipriano Charrez Pedraza, quien se encuentra como las focas, o sea con el agua hasta el cuello, viendo que su poder tiene fecha de caducidad, pr\u00e1cticamente a la vuelta de la esquina lo espera la historia, que lo ha de juzgar en su justo nivel. Esta semana ha andado como agua para chocolate, como le\u00f3n enjaulado, le hierve la sangre, ver que ciertos pol\u00edticos le han hecho manita de puerco, repercutiendo que su cuenta p\u00fablica no cuadre, existan desv\u00edos de recursos millonarios, tr\u00e1fico de influencias, moches, inseguridad, n\u00f3mina inflada, entre otros secretitos.<\/p>\n<p>Resulta, que en una reuni\u00f3n con delegados municipales, dio santo y se\u00f1a de los pol\u00edticos que supuestamente le est\u00e1n haciendo la vida de cuadritos, por medio de fotograf\u00edas uno a uno de sus adversarios fueron exhibidos, se ley\u00f3 una breve rese\u00f1a, a qu\u00e9 se dedican, a qu\u00e9 hora salen por el pan y donde viven. Asimismo los regidores y s\u00edndicos, de quienes dijo es tiempo de retirarles la ley del hielo, pidi\u00f3 a los ciudadanos ir a sus respectivos domicilios para sacarlos a punta de consejos y obligarlos a trabajar.<\/p>\n<p>Otro que va como alma que lleva el diablo, que no lo calienta ni el sol, que anda como el mism\u00edsimo demonio de Tasmania (la caricatura, claro) recorriendo obras, visitando calles, localizando ciudadanos, pero encabritado, es el alcalde de Actopan, Gregorio Hern\u00e1ndez Serrano, quien hizo bilis y el coraje de su vida la semana pasada, todo por quedar a nivel estado como el peor Presidente Municipal en materia de transparencia y rendici\u00f3n de cuentas.<\/p>\n<p>Hizo soponcio no porque haya sido el alcalde m\u00e1s opaco, sino porque la gente se haya enterado, luego de ser evidenciado en los medios de comunicaci\u00f3n, obviamente \u00e9l como Pilatos, se lav\u00f3 las manos y acus\u00f3 que su personal no le ayuda, casi de plano se la pasan jugando turista en la computadora en lugar de hacer su chamba, as\u00ed que ya entrado en corajes despidi\u00f3 a su tesorera y a la encarga del tema de transparencia.<\/p>\n<p><strong>En Corto:<\/strong><\/p>\n<p>* Este lunes, en un restaurante de Actopan, se ofrecer\u00e1 una conferencia de prensa por parte del ayuntamiento y de la Asociaci\u00f3n de Charros, quienes anunciar\u00e1n el campeonato de excelencia charra.<\/p>\n<p>* Hay molestia en algunos sectores en Alfajayucan, debido a la erogaci\u00f3n de recursos p\u00fablicos para la feria anual, la cual cuestionan por su mala calidad y de servicios.<\/p>\n<p>S\u00edgueme en Twitter<\/p>\n<p>@angel_malvado<\/p>\n<p>Mi correo<\/p>\n<p>markorey2013@gmail.com<\/p>\n<p>\u00a0<\/p>\n","protected":false},"excerpt":{"rendered":"<p>Pulso del Mezquital<\/p>\n","protected":false},"author":75,"featured_media":0,"comment_status":"open","ping_status":"open","sticky":false,"template":"","format":"standard","meta":{"footnotes":""},"categories":[87,42],"tags":[],"class_list":["post-13196","post","type-post","status-publish","format-standard","hentry","category-marco-cabanas","category-nuestrapalabra"],"_links":{"self":[{"href":"https:\/\/plazajuarez.mx\/historico\/wp-json\/wp\/v2\/posts\/13196","targetHints":{"allow":["GET"]}}],"collection":[{"href":"https:\/\/plazajuarez.mx\/historico\/wp-json\/wp\/v2\/posts"}],"about":[{"href":"https:\/\/plazajuarez.mx\/historico\/wp-json\/wp\/v2\/types\/post"}],"author":[{"embeddable":true,"href":"https:\/\/plazajuarez.mx\/historico\/wp-json\/wp\/v2\/users\/75"}],"replies":[{"embeddable":true,"href":"https:\/\/plazajuarez.mx\/historico\/wp-json\/wp\/v2\/comments?post=13196"}],"version-history":[{"count":0,"href":"https:\/\/plazajuarez.mx\/historico\/wp-json\/wp\/v2\/posts\/13196\/revisions"}],"wp:attachment":[{"href":"https:\/\/plazajuarez.mx\/historico\/wp-json\/wp\/v2\/media?parent=13196"}],"wp:term":[{"taxonomy":"category","embeddable":true,"href":"https:\/\/plazajuarez.mx\/historico\/wp-json\/wp\/v2\/categories?post=13196"},{"taxonomy":"post_tag","embeddable":true,"href":"https:\/\/plazajuarez.mx\/historico\/wp-json\/wp\/v2\/tags?post=13196"}],"curies":[{"name":"wp","href":"https:\/\/api.w.org\/{rel}","templated":true}]}}