{"id":13194,"date":"2015-11-09T12:00:01","date_gmt":"2015-11-09T12:00:01","guid":{"rendered":"http:\/\/plazajuarez.mx\/index\/index.php\/2015\/11\/09\/la-cangrejera-y-el-chacalito\/"},"modified":"2015-11-09T12:00:01","modified_gmt":"2015-11-09T12:00:01","slug":"la-cangrejera-y-el-chacalito","status":"publish","type":"post","link":"https:\/\/plazajuarez.mx\/historico\/la-cangrejera-y-el-chacalito\/","title":{"rendered":"La Cangrejera y el Chacalito"},"content":{"rendered":"<p>Cuando Exc\u00e9lsior avanzaba por el camino de la libertad de prensa, Alberto Baill\u00e8res y Juan S\u00e1nchez Navarro, junto a otros empresarios, exigieron y despu\u00e9s apoyaron el golpe a ese peri\u00f3dico independiente.<\/p>\n<p>  <!--more-->  <\/p>\n<p>\u00a0<\/p>\n<p>El mismo d\u00eda en que el Senado ratificaba, el 23 de septiembre de 1913, los ascensos en el grado militar de los generales golpistas Mondrag\u00f3n y Blanquet, Belisario Dom\u00ednguez denuncia al asesino del presidente Madero y Pino Suarez, lo que significaba la b\u00fasqueda de la paz \u201ccueste lo que cueste\u201d, en el criterio \u201cego\u00edsta y feroz de Don Victoriano\u201d, la suplantaci\u00f3n de los gobiernos constitucionales estatales por militares y solicitaba deponer al tirano.<\/p>\n<p>El 29 de ese mes volvi\u00f3 a tomar la palabra para solicitar la renuncia de Huerta. El 7 de octubre fue detenido y asesinado. Los diputados, todos, adversarios y amigos de Belisario, solicitaron se investigara su desaparici\u00f3n el 9 de octubre y, neg\u00e1ndose a retirar la solicitud, fueron disueltas ambas c\u00e1maras. Es el tipo de unanimidad que debe generar quien es propuesto para la distinci\u00f3n que lleva su nombre.<\/p>\n<p>Tiene raz\u00f3n quien afirma que el s\u00edndrome del cangrejo aqueja a nuestro pueblo, esta aflicci\u00f3n tiene como fuente un peque\u00f1o grupo que impide avancen los mexicanos; que cuando se asesina, desaparece, abusa, contamina o explota dicen am\u00e9n.<\/p>\n<p>mapadelarazon.blogspot.com<\/p>\n<p>\u00a0<\/p>\n<p>\u00a0<\/p>\n","protected":false},"excerpt":{"rendered":"<p>Cuando Exc\u00e9lsior avanzaba por el camino de la libertad de prensa, Alberto Baill\u00e8res y Juan S\u00e1nchez Navarro, junto a otros empresarios, exigieron y despu\u00e9s apoyaron el golpe a ese peri\u00f3dico independiente.<\/p>\n","protected":false},"author":93,"featured_media":0,"comment_status":"open","ping_status":"open","sticky":false,"template":"","format":"standard","meta":{"footnotes":""},"categories":[42],"tags":[],"class_list":["post-13194","post","type-post","status-publish","format-standard","hentry","category-nuestrapalabra"],"_links":{"self":[{"href":"https:\/\/plazajuarez.mx\/historico\/wp-json\/wp\/v2\/posts\/13194","targetHints":{"allow":["GET"]}}],"collection":[{"href":"https:\/\/plazajuarez.mx\/historico\/wp-json\/wp\/v2\/posts"}],"about":[{"href":"https:\/\/plazajuarez.mx\/historico\/wp-json\/wp\/v2\/types\/post"}],"author":[{"embeddable":true,"href":"https:\/\/plazajuarez.mx\/historico\/wp-json\/wp\/v2\/users\/93"}],"replies":[{"embeddable":true,"href":"https:\/\/plazajuarez.mx\/historico\/wp-json\/wp\/v2\/comments?post=13194"}],"version-history":[{"count":0,"href":"https:\/\/plazajuarez.mx\/historico\/wp-json\/wp\/v2\/posts\/13194\/revisions"}],"wp:attachment":[{"href":"https:\/\/plazajuarez.mx\/historico\/wp-json\/wp\/v2\/media?parent=13194"}],"wp:term":[{"taxonomy":"category","embeddable":true,"href":"https:\/\/plazajuarez.mx\/historico\/wp-json\/wp\/v2\/categories?post=13194"},{"taxonomy":"post_tag","embeddable":true,"href":"https:\/\/plazajuarez.mx\/historico\/wp-json\/wp\/v2\/tags?post=13194"}],"curies":[{"name":"wp","href":"https:\/\/api.w.org\/{rel}","templated":true}]}}