{"id":13191,"date":"2015-11-09T11:57:52","date_gmt":"2015-11-09T11:57:52","guid":{"rendered":"http:\/\/plazajuarez.mx\/index\/index.php\/2015\/11\/09\/valtierra-inaugura-exposicion-fotografica-mineros\/"},"modified":"2015-11-09T11:57:52","modified_gmt":"2015-11-09T11:57:52","slug":"valtierra-inaugura-exposicion-fotografica-mineros","status":"publish","type":"post","link":"https:\/\/plazajuarez.mx\/historico\/valtierra-inaugura-exposicion-fotografica-mineros\/","title":{"rendered":"Valtierra inaugura exposici\u00f3n fotogr\u00e1fica Mineros"},"content":{"rendered":"<p><em>Mineros<\/em> se integra de 20 im\u00e1genes en blanco y negro que forman parte de su trabajo como fot\u00f3grafo de prensa en un periodo de casi 20 a\u00f1os<\/p>\n<p>  <!--more-->  <\/p>\n<p>\u00a0<\/p>\n<p>El Consejo Estatal para la Cultura y las Artes de Hidalgo llevar\u00e1 a cabo la inauguraci\u00f3n de la exposici\u00f3n fotogr\u00e1fica Mineros, un trabajo del reconocido Pedro Valtierra. La ceremonia de apertura se llevar\u00e1 a cabo el jueves 12 de noviembre a las 19:00 horas en la Galer\u00eda Jos\u00e9 Hern\u00e1ndez Delgadillo del Foro Cultural Efr\u00e9n Rebolledo.<\/p>\n<p><em>Mineros<\/em> se integra de 20 im\u00e1genes en blanco y negro que forman parte de su trabajo como fot\u00f3grafo de prensa en un periodo de casi 20 a\u00f1os. Esta muestra est\u00e1 conformada en parte por 8 de las 39 fotograf\u00edas que Valtierra tom\u00f3 durante una huelga minera en Pachuca, Hidalgo, en 1985. En esa huelga 3 mil mineros se desnudaron en protesta porque la empresa no les daba la ropa indicada para bajar al fondo de la mina.<\/p>\n<p>El evento fotografiado por Valtierra, acontecido en la mina Real del Monte, apenas dur\u00f3 45 minutos, y \u00e9l fue el \u00fanico fot\u00f3grafo en llegar temprano, cerca de las 7 de la ma\u00f1ana, lo que le vali\u00f3 la exclusiva.<\/p>\n<p>Otro grupo de fotograf\u00edas proviene de un reportaje que Valtierra realiz\u00f3 en la mina de Proa\u00f1o, Fresnillo, en 1978. A estas se suman fotos de las minas fresnillenses, de 1987 y 1996. La exposici\u00f3n tambi\u00e9n incluye tres fotos de la mina Real de \u00c1ngeles en Pinos tomadas en 1987.<\/p>\n<p>El fot\u00f3grafo zacatecano ha referido que hubo dificultades t\u00e9cnicas al tomar las fotos en la profundidad de la mina en un tiempo en que todo se hac\u00eda con pel\u00edcula: \u201cAdem\u00e1s de la humedad, el principal problema fue el de la iluminaci\u00f3n. La luz de las fotos proviene de las l\u00e1mparas de otros mineros\u201d.<\/p>\n<p>Valtierra naci\u00f3 en Fresnillo, Zacatecas, en 1955. Se inici\u00f3 en 1973 como auxiliar de laboratorio y dos a\u00f1os despu\u00e9s se convirti\u00f3 en fot\u00f3grafo de la Presidencia de la Rep\u00fablica. En 1984 organiz\u00f3 y dirigi\u00f3 la Agencia Imagenlatina. Fue fundador y jefe de fotograf\u00eda de La Jornada (1984-86).<\/p>\n<p>En 1986 fund\u00f3 la Agencia Cuartoscuro, de la cual es director hasta la fecha. En 1993 fund\u00f3 la revista del mismo nombre. Asimismo es fundador de la Fototeca de Zacatecas Pedro Valtierra, inaugurada en abril de 2006.<\/p>\n","protected":false},"excerpt":{"rendered":"<p>Mineros se integra de 20 im\u00e1genes en blanco y negro que forman parte de su trabajo como fot\u00f3grafo de prensa en un periodo de casi 20 a\u00f1os<\/p>\n","protected":false},"author":93,"featured_media":0,"comment_status":"open","ping_status":"open","sticky":false,"template":"","format":"standard","meta":{"footnotes":""},"categories":[41],"tags":[],"class_list":["post-13191","post","type-post","status-publish","format-standard","hentry","category-arteria-cultural"],"_links":{"self":[{"href":"https:\/\/plazajuarez.mx\/historico\/wp-json\/wp\/v2\/posts\/13191","targetHints":{"allow":["GET"]}}],"collection":[{"href":"https:\/\/plazajuarez.mx\/historico\/wp-json\/wp\/v2\/posts"}],"about":[{"href":"https:\/\/plazajuarez.mx\/historico\/wp-json\/wp\/v2\/types\/post"}],"author":[{"embeddable":true,"href":"https:\/\/plazajuarez.mx\/historico\/wp-json\/wp\/v2\/users\/93"}],"replies":[{"embeddable":true,"href":"https:\/\/plazajuarez.mx\/historico\/wp-json\/wp\/v2\/comments?post=13191"}],"version-history":[{"count":0,"href":"https:\/\/plazajuarez.mx\/historico\/wp-json\/wp\/v2\/posts\/13191\/revisions"}],"wp:attachment":[{"href":"https:\/\/plazajuarez.mx\/historico\/wp-json\/wp\/v2\/media?parent=13191"}],"wp:term":[{"taxonomy":"category","embeddable":true,"href":"https:\/\/plazajuarez.mx\/historico\/wp-json\/wp\/v2\/categories?post=13191"},{"taxonomy":"post_tag","embeddable":true,"href":"https:\/\/plazajuarez.mx\/historico\/wp-json\/wp\/v2\/tags?post=13191"}],"curies":[{"name":"wp","href":"https:\/\/api.w.org\/{rel}","templated":true}]}}