{"id":131906,"date":"2020-09-10T07:42:26","date_gmt":"2020-09-10T12:42:26","guid":{"rendered":"https:\/\/plazajuarez.mx\/?p=131906"},"modified":"2020-09-10T07:42:26","modified_gmt":"2020-09-10T12:42:26","slug":"policia-nacional-es-policia-sandinista-ortega","status":"publish","type":"post","link":"https:\/\/plazajuarez.mx\/historico\/policia-nacional-es-policia-sandinista-ortega\/","title":{"rendered":"\u201cPolic\u00eda Nacional es Polic\u00eda Sandinista&#8221;: Ortega"},"content":{"rendered":"\n<p class=\"wp-block-paragraph\">EFE.- El presidente de Nicaragua, Daniel Ortega, calific\u00f3 ayer como &#8220;Polic\u00eda Sandinista&#8221; a la Polic\u00eda Nacional en ocasi\u00f3n del 41 aniversario de su fundaci\u00f3n.<\/p>\n\n\n\n<p class=\"wp-block-paragraph\">&#8220;Representa la continuidad hist\u00f3rica, evolutiva, de instituciones revolucionarias, distinguidas por su vocaci\u00f3n, su lealtad, su firmeza, su fidelidad, a los ideales y valores de una patria&#8221;, dijo Ortega en una carta p\u00fablica.<\/p>\n\n\n\n<p class=\"wp-block-paragraph\">En la carta, suscrita junto a su esposa, la vicepresidenta Rosario Murillo, el mandatario llovi\u00f3 en elogios a la Polic\u00eda, a la que tild\u00f3 como &#8220;centinela de nuestra tranquilidad personal, familiar y comunitaria&#8221;.<\/p>\n","protected":false},"excerpt":{"rendered":"<p>EFE.- El presidente de Nicaragua, Daniel Ortega, calific\u00f3 ayer como &#8220;Polic\u00eda Sandinista&#8221; a la Polic\u00eda Nacional en ocasi\u00f3n del 41 aniversario de su fundaci\u00f3n. &#8220;Representa la continuidad hist\u00f3rica, evolutiva, de instituciones revolucionarias, distinguidas por su vocaci\u00f3n, su lealtad, su firmeza, su fidelidad, a los ideales y valores de una patria&#8221;, dijo Ortega en una carta [&hellip;]<\/p>\n","protected":false},"author":80,"featured_media":132048,"comment_status":"closed","ping_status":"open","sticky":false,"template":"","format":"standard","meta":{"footnotes":""},"categories":[31],"tags":[],"class_list":["post-131906","post","type-post","status-publish","format-standard","has-post-thumbnail","hentry","category-orbe"],"_links":{"self":[{"href":"https:\/\/plazajuarez.mx\/historico\/wp-json\/wp\/v2\/posts\/131906","targetHints":{"allow":["GET"]}}],"collection":[{"href":"https:\/\/plazajuarez.mx\/historico\/wp-json\/wp\/v2\/posts"}],"about":[{"href":"https:\/\/plazajuarez.mx\/historico\/wp-json\/wp\/v2\/types\/post"}],"author":[{"embeddable":true,"href":"https:\/\/plazajuarez.mx\/historico\/wp-json\/wp\/v2\/users\/80"}],"replies":[{"embeddable":true,"href":"https:\/\/plazajuarez.mx\/historico\/wp-json\/wp\/v2\/comments?post=131906"}],"version-history":[{"count":0,"href":"https:\/\/plazajuarez.mx\/historico\/wp-json\/wp\/v2\/posts\/131906\/revisions"}],"wp:featuredmedia":[{"embeddable":true,"href":"https:\/\/plazajuarez.mx\/historico\/wp-json\/wp\/v2\/media\/132048"}],"wp:attachment":[{"href":"https:\/\/plazajuarez.mx\/historico\/wp-json\/wp\/v2\/media?parent=131906"}],"wp:term":[{"taxonomy":"category","embeddable":true,"href":"https:\/\/plazajuarez.mx\/historico\/wp-json\/wp\/v2\/categories?post=131906"},{"taxonomy":"post_tag","embeddable":true,"href":"https:\/\/plazajuarez.mx\/historico\/wp-json\/wp\/v2\/tags?post=131906"}],"curies":[{"name":"wp","href":"https:\/\/api.w.org\/{rel}","templated":true}]}}