{"id":131903,"date":"2020-09-10T07:37:38","date_gmt":"2020-09-10T12:37:38","guid":{"rendered":"https:\/\/plazajuarez.mx\/?p=131903"},"modified":"2020-09-10T07:37:38","modified_gmt":"2020-09-10T12:37:38","slug":"tenemos-equivocaciones-muy-graves-senala-vucetich","status":"publish","type":"post","link":"https:\/\/plazajuarez.mx\/historico\/tenemos-equivocaciones-muy-graves-senala-vucetich\/","title":{"rendered":"&#8220;Tenemos equivocaciones muy graves&#8221;, se\u00f1ala Vucetich"},"content":{"rendered":"\n<p>\u00a0(EL UNIVERSAL).- Ya al finalizar el partido ante el Toluca le dio el espaldarazo de confianza a Antonio Rodr\u00edguez, no le quit\u00f3 la titularidad,<br>pero hoy la paciencia se le agot\u00f3 a V\u00edctor Manuel Vucetich, de igual manera con Jos\u00e9 Juan Mac\u00edas, porque tan grave es un error al ataque al fallar un penal, como en el arco al regalar un gol.<\/p>\n\n\n\n<p>&#8220;Evidentemente fallamos en el aspecto de la definici\u00f3n, tuvimos equivocaciones muy graves en la porter\u00eda, pero esto es parte del futbol.<\/p>\n\n\n\n<p>Buscaremos seguir corrigiendo. Considero que las situaciones que se vivieron son parte del futbol, tendremos que hacer un an\u00e1lisis, un balance, no nos podemos dejar llevar por el impulso de la emoci\u00f3n. Tenemos que ser muy cr\u00edticos en ese sentido y tomar decisiones. S\u00e9 que son dos situaciones muy espec\u00edficas, que son evidentes y que se tendr\u00e1n que evaluar internamente&#8221;.<\/p>\n\n\n\n<p>Le ha costado m\u00e1s de lo que pens\u00f3 a Vucetich encontrar la regularidad futbol\u00edstica, esto por errores graves que se han venido cometiendo, pero lo toma como parte de un aprendizaje que los suyos deben llevar.<\/p>\n\n\n\n<p>&#8220;Es parte de un proceso, estamos en la b\u00fasqueda de tener regularidad, creo que si tenemos un resultado bueno en contra del Necaxa, evidentemente se cambiar\u00e1 un poco esa idea y buscaremos con toda la convicci\u00f3n de seguir elevando el nivel del equipo&#8221;.<\/p>\n\n\n\n<p>Despu\u00e9s del gol del Quer\u00e9taro, Chivas comenz\u00f3 a sufrir mucho con las llegadas del rival, lo metieron en su campo y reconoce el t\u00e9cnico rojiblanco, que fue por falta de manejo.<\/p>\n\n\n\n<p>&#8220;Por lo regular, siempre hay una reacci\u00f3n por parte del rival, hay que saberla controlar, tuvimos momentos de descontrol y eso fue lo que nos caus\u00f3 esta situaci\u00f3n. Se tom\u00f3 el nivel de ritmo, se controlaron las acciones sin embargo, creo que no tuvimos contundencia&#8221;.<\/p>\n\n\n\n<p>Tendr\u00e1n cambios en el arco para el partido ante el Necaxa es indudable, en el arco solamente faltar\u00e1 definir si es Ra\u00fal Gudi\u00f1o o Miguel Jim\u00e9nez. El primero tiene una molestia en la espalda, as\u00ed que la balanza se inclina al &#8220;Guacho&#8221; Jim\u00e9nez.<\/p>\n\n\n\n<p>&#8220;Tenemos que hacer un an\u00e1lisis m\u00e1s profundo de lo que vemos y platicamos con nuestra gente, ah\u00ed esa situaci\u00f3n de cr\u00edtica interna, entonces buscaremos las medidas y decisiones que se deben tomar para que el equipo tenga un rendimiento m\u00e1s estable&#8221;.<\/p>\n","protected":false},"excerpt":{"rendered":"<p>\u00a0(EL UNIVERSAL).- Ya al finalizar el partido ante el Toluca le dio el espaldarazo de confianza a Antonio Rodr\u00edguez, no le quit\u00f3 la titularidad,pero hoy la paciencia se le agot\u00f3 a V\u00edctor Manuel Vucetich, de igual manera con Jos\u00e9 Juan Mac\u00edas, porque tan grave es un error al ataque al fallar un penal, como en [&hellip;]<\/p>\n","protected":false},"author":81,"featured_media":132045,"comment_status":"closed","ping_status":"open","sticky":false,"template":"","format":"standard","meta":{"footnotes":""},"categories":[39],"tags":[],"class_list":["post-131903","post","type-post","status-publish","format-standard","has-post-thumbnail","hentry","category-deportiva"],"_links":{"self":[{"href":"https:\/\/plazajuarez.mx\/historico\/wp-json\/wp\/v2\/posts\/131903","targetHints":{"allow":["GET"]}}],"collection":[{"href":"https:\/\/plazajuarez.mx\/historico\/wp-json\/wp\/v2\/posts"}],"about":[{"href":"https:\/\/plazajuarez.mx\/historico\/wp-json\/wp\/v2\/types\/post"}],"author":[{"embeddable":true,"href":"https:\/\/plazajuarez.mx\/historico\/wp-json\/wp\/v2\/users\/81"}],"replies":[{"embeddable":true,"href":"https:\/\/plazajuarez.mx\/historico\/wp-json\/wp\/v2\/comments?post=131903"}],"version-history":[{"count":0,"href":"https:\/\/plazajuarez.mx\/historico\/wp-json\/wp\/v2\/posts\/131903\/revisions"}],"wp:featuredmedia":[{"embeddable":true,"href":"https:\/\/plazajuarez.mx\/historico\/wp-json\/wp\/v2\/media\/132045"}],"wp:attachment":[{"href":"https:\/\/plazajuarez.mx\/historico\/wp-json\/wp\/v2\/media?parent=131903"}],"wp:term":[{"taxonomy":"category","embeddable":true,"href":"https:\/\/plazajuarez.mx\/historico\/wp-json\/wp\/v2\/categories?post=131903"},{"taxonomy":"post_tag","embeddable":true,"href":"https:\/\/plazajuarez.mx\/historico\/wp-json\/wp\/v2\/tags?post=131903"}],"curies":[{"name":"wp","href":"https:\/\/api.w.org\/{rel}","templated":true}]}}