{"id":13189,"date":"2015-11-09T11:59:10","date_gmt":"2015-11-09T11:59:10","guid":{"rendered":"http:\/\/plazajuarez.mx\/index\/index.php\/2015\/11\/09\/culmina-la-ciudad-de-las-ideas-2015\/"},"modified":"2015-11-09T11:59:10","modified_gmt":"2015-11-09T11:59:10","slug":"culmina-la-ciudad-de-las-ideas-2015","status":"publish","type":"post","link":"https:\/\/plazajuarez.mx\/historico\/culmina-la-ciudad-de-las-ideas-2015\/","title":{"rendered":"Culmina La ciudad de las Ideas 2015"},"content":{"rendered":"<p>Con los coloridos pasamonta\u00f1as que las caracterizan, comenzaron a hablar y terminaron desenmascar\u00e1ndose ante el p\u00fablico, as\u00ed fue la participaci\u00f3n del colectivo de punk feminista \u201cPussy Riot\u201d<\/p>\n<p>  <!--more-->  <\/p>\n<p>\u00a0<\/p>\n<p>Subieron al escenario con los coloridos pasamonta\u00f1as que las caracterizan, comenzaron a hablar y terminaron desenmascar\u00e1ndose ante el p\u00fablico, as\u00ed fue la participaci\u00f3n de las mujeres rusas que integran el colectivo de punk feminista \u201cPussy Riot\u201d en el Festival\u00a0 de Mentes Brillantes \u201cLa\u00a0 Ciudad de las Ideas\u201d.<\/p>\n<p>\u00a0<\/p>\n<p>Las peculiares im\u00e1genes de la detenci\u00f3n que hiciera la polic\u00eda rusa en contra de Mar\u00eda Ali\u00f3jina y Nadezhda Tolok\u00f3nnikova, y todo el proceso de encarcelamiento as\u00ed como su estancia en prisi\u00f3n durante dos a\u00f1os, hicieron que el mundo pusiera los ojos en la situaci\u00f3n que viven las mujeres en Rusia.<\/p>\n<p>\u00a0<\/p>\n<p>De igual forma Pussy Riot se ha caracterizado por las constantes cr\u00edticas en contra del gobierno y del mismo presidente Vladimir Putin, adem\u00e1s de los trabajos que han realizado en materia de difusi\u00f3n, protesta y activismo social, principalmente con el tema feminista.<\/p>\n<p>\u00a0<\/p>\n<p>Tras su llegada a M\u00e9xico las artistas y activistas rusas se reunieron con sus similares mexicanos para hablar sobre temas como las desapariciones forzadas, el encarcelamiento de maestros y luchadores sociales, la\u00a0 represi\u00f3n hacia sectores vulnerables, entre otros.<\/p>\n<p>\u00a0<\/p>\n<p>Y en entrevista se\u00f1alaron \u201cnos reunimos con actores sociales de M\u00e9xico, fue un honor estar cerca de ellos.\u00a0Realmente pensamos que es fant\u00e1stico tener una lucha en los pa\u00edses en d\u00f3nde se matan periodistas, encarcelan maestros, asesinan estudiantes, y donde hay tanta gente que no est\u00e1 de acuerdo con ellos\u201d, dijo\u00a0Mar\u00eda Vladimirovna Ali\u00f3jina miembro de la banda.<\/p>\n<p>\u00a0<\/p>\n<p>De igual forma hicieron un llamado a la sociedad civil en defensa de la libertad de expresi\u00f3n, y se pronunciaron en\u00e9rgicamente en contra de que existan los denominados \u201cpresos\u00a0 pol\u00edticos\u201d, \u201ccreo que todos los mexicanos con los que nos pudimos reunir son muy entusiastas, y pueden ser ellos quienes inspiren a otros a trabajar por una mejora en la sociedad\u201d, agreg\u00f3.<\/p>\n<p>\u00a0<\/p>\n<p>\u201cEn el mundo\u00a0 somos muchos los que nos hemos enfrentado a la prisi\u00f3n por no estar de acuerdo con los gobiernos y por atrevernos a decirlo, sin embargo seguimos\u00a0 aqu\u00ed, compartiendo nuestras problem\u00e1ticas y buscando que haya mejores resultados en todo el pa\u00eds\u201d.<\/p>\n<p>\u00a0<\/p>\n<p>Finalmente, el pasado s\u00e1bado y pese a retrasos de orden log\u00edstico, acab\u00f3 la octava edici\u00f3n del festival que este a\u00f1o ofreci\u00f3 m\u00e1s de 50 conferencias, al que asistieron miles de personas y que cerr\u00f3 con un espect\u00e1culo de luces y m\u00fasica en la explanada del Auditorio Metropolitano en Puebla, no sin que antes, el curador y organizador Andr\u00e9s Roemer, anunciara que el evento se replicar\u00e1 el pr\u00f3ximo a\u00f1o.<\/p>\n<p>\u00a0<\/p>\n<p>\u00a0<\/p>\n","protected":false},"excerpt":{"rendered":"<p>Con los coloridos pasamonta\u00f1as que las caracterizan, comenzaron a hablar y terminaron desenmascar\u00e1ndose ante el p\u00fablico, as\u00ed fue la participaci\u00f3n del colectivo de punk feminista \u201cPussy Riot\u201d<\/p>\n","protected":false},"author":93,"featured_media":0,"comment_status":"open","ping_status":"open","sticky":false,"template":"","format":"standard","meta":{"footnotes":""},"categories":[41],"tags":[],"class_list":["post-13189","post","type-post","status-publish","format-standard","hentry","category-arteria-cultural"],"_links":{"self":[{"href":"https:\/\/plazajuarez.mx\/historico\/wp-json\/wp\/v2\/posts\/13189","targetHints":{"allow":["GET"]}}],"collection":[{"href":"https:\/\/plazajuarez.mx\/historico\/wp-json\/wp\/v2\/posts"}],"about":[{"href":"https:\/\/plazajuarez.mx\/historico\/wp-json\/wp\/v2\/types\/post"}],"author":[{"embeddable":true,"href":"https:\/\/plazajuarez.mx\/historico\/wp-json\/wp\/v2\/users\/93"}],"replies":[{"embeddable":true,"href":"https:\/\/plazajuarez.mx\/historico\/wp-json\/wp\/v2\/comments?post=13189"}],"version-history":[{"count":0,"href":"https:\/\/plazajuarez.mx\/historico\/wp-json\/wp\/v2\/posts\/13189\/revisions"}],"wp:attachment":[{"href":"https:\/\/plazajuarez.mx\/historico\/wp-json\/wp\/v2\/media?parent=13189"}],"wp:term":[{"taxonomy":"category","embeddable":true,"href":"https:\/\/plazajuarez.mx\/historico\/wp-json\/wp\/v2\/categories?post=13189"},{"taxonomy":"post_tag","embeddable":true,"href":"https:\/\/plazajuarez.mx\/historico\/wp-json\/wp\/v2\/tags?post=13189"}],"curies":[{"name":"wp","href":"https:\/\/api.w.org\/{rel}","templated":true}]}}