{"id":13188,"date":"2015-11-09T11:55:57","date_gmt":"2015-11-09T11:55:57","guid":{"rendered":"http:\/\/plazajuarez.mx\/index\/index.php\/2015\/11\/09\/lanzan-primer-trailer-oficial-de-warcraft\/"},"modified":"2015-11-09T11:55:57","modified_gmt":"2015-11-09T11:55:57","slug":"lanzan-primer-trailer-oficial-de-warcraft","status":"publish","type":"post","link":"https:\/\/plazajuarez.mx\/historico\/lanzan-primer-trailer-oficial-de-warcraft\/","title":{"rendered":"Lanzan primer tr\u00e1iler oficial de \u201cWarcraft\u201d"},"content":{"rendered":"<p>Aunque su estreno est\u00e1 programado para junio de 2016, la aparici\u00f3n de este adelanto ha causado revuelo en redes sociales, donde se ha vuelto tendencia<\/p>\n<p>\u00a0<\/p>\n<p>  <!--more-->  <\/p>\n<p>\u00a0<\/p>\n<p>El mundo fant\u00e1stico de Azeroth, donde orcos y humanos se enfrentan, salta del videojuego a la pantalla grande. Luego de filtraciones y una larga espera para sus fans, por fin se dio a conocer el primer tr\u00e1iler oficial de \u201cWarcraft: El origen\u201d, perteneciente a la desarrolladora Blizzard Entertainment y producida por Universal.<\/p>\n<p>Aunque su estreno est\u00e1 programado para junio de 2016, la aparici\u00f3n de este adelanto ha causado revuelo en redes sociales, donde se ha vuelto tendencia.<\/p>\n<p>La Blizzcon 2015 difundi\u00f3 el video que presenta una probadita de lo que podr\u00e1 verse en la pel\u00edcula, cuyo elenco estar\u00e1 integrado por: Dominic Cooper (Rey Llane Wrynn), Travis Fimmel (Anduin Lothar), Ben Foster (Medivh), Ben Schnetzer (Khadgar),Ruth Negga (Lady Taria), Clancy Brown (Blackhand), Toby Kebbell (Durotan), Daniel Wu (Gul&#8217;dan) y Paula Patton (Garona).<\/p>\n<p>Durante dicha convenci\u00f3n tambi\u00e9n se dio a conocer que Duncan Jones dirigir\u00e1 la primera parte de la trilog\u00eda basada en el exitoso videojuego \u201cWorld of Warcraft\u201d con gui\u00f3n del propio Jones y Charles Leavitt.<\/p>\n","protected":false},"excerpt":{"rendered":"<p>Aunque su estreno est\u00e1 programado para junio de 2016, la aparici\u00f3n de este adelanto ha causado revuelo en redes sociales, donde se ha vuelto tendencia \u00a0<\/p>\n","protected":false},"author":93,"featured_media":0,"comment_status":"open","ping_status":"open","sticky":false,"template":"","format":"standard","meta":{"footnotes":""},"categories":[38],"tags":[],"class_list":["post-13188","post","type-post","status-publish","format-standard","hentry","category-show"],"_links":{"self":[{"href":"https:\/\/plazajuarez.mx\/historico\/wp-json\/wp\/v2\/posts\/13188","targetHints":{"allow":["GET"]}}],"collection":[{"href":"https:\/\/plazajuarez.mx\/historico\/wp-json\/wp\/v2\/posts"}],"about":[{"href":"https:\/\/plazajuarez.mx\/historico\/wp-json\/wp\/v2\/types\/post"}],"author":[{"embeddable":true,"href":"https:\/\/plazajuarez.mx\/historico\/wp-json\/wp\/v2\/users\/93"}],"replies":[{"embeddable":true,"href":"https:\/\/plazajuarez.mx\/historico\/wp-json\/wp\/v2\/comments?post=13188"}],"version-history":[{"count":0,"href":"https:\/\/plazajuarez.mx\/historico\/wp-json\/wp\/v2\/posts\/13188\/revisions"}],"wp:attachment":[{"href":"https:\/\/plazajuarez.mx\/historico\/wp-json\/wp\/v2\/media?parent=13188"}],"wp:term":[{"taxonomy":"category","embeddable":true,"href":"https:\/\/plazajuarez.mx\/historico\/wp-json\/wp\/v2\/categories?post=13188"},{"taxonomy":"post_tag","embeddable":true,"href":"https:\/\/plazajuarez.mx\/historico\/wp-json\/wp\/v2\/tags?post=13188"}],"curies":[{"name":"wp","href":"https:\/\/api.w.org\/{rel}","templated":true}]}}