{"id":13185,"date":"2015-11-09T11:54:53","date_gmt":"2015-11-09T11:54:53","guid":{"rendered":"http:\/\/plazajuarez.mx\/index\/index.php\/2015\/11\/09\/adele-usaba-su-twitter-borracha\/"},"modified":"2015-11-09T11:54:53","modified_gmt":"2015-11-09T11:54:53","slug":"adele-usaba-su-twitter-borracha","status":"publish","type":"post","link":"https:\/\/plazajuarez.mx\/historico\/adele-usaba-su-twitter-borracha\/","title":{"rendered":"Adele usaba su Twitter borracha"},"content":{"rendered":"<p>La compositora y cantante brit\u00e1nica Adele confes\u00f3 que dej\u00f3 de escribir personalmente en su cuenta de Twitter luego de hacerlo ebria y &#8220;meter la pata&#8221;.<\/p>\n<p>  <!--more-->  <\/p>\n<p>\u00a0<\/p>\n<p>Explic\u00f3 a la BBC que quien maneja ahora su cuenta es su m\u00e1nager.<\/p>\n<p>&#8220;Ya no bebo, pero cuando empez\u00f3 Twitter, enviaba mensajes borracha y met\u00ed la pata algunas ocasiones&#8221;, detall\u00f3.<\/p>\n<p>La int\u00e9rprete de 27 a\u00f1os de edad cuenta actualmente con 23.8 millones de seguidores en Twitter.<\/p>\n","protected":false},"excerpt":{"rendered":"<p>La compositora y cantante brit\u00e1nica Adele confes\u00f3 que dej\u00f3 de escribir personalmente en su cuenta de Twitter luego de hacerlo ebria y &#8220;meter la pata&#8221;.<\/p>\n","protected":false},"author":93,"featured_media":0,"comment_status":"open","ping_status":"open","sticky":false,"template":"","format":"standard","meta":{"footnotes":""},"categories":[38],"tags":[],"class_list":["post-13185","post","type-post","status-publish","format-standard","hentry","category-show"],"_links":{"self":[{"href":"https:\/\/plazajuarez.mx\/historico\/wp-json\/wp\/v2\/posts\/13185","targetHints":{"allow":["GET"]}}],"collection":[{"href":"https:\/\/plazajuarez.mx\/historico\/wp-json\/wp\/v2\/posts"}],"about":[{"href":"https:\/\/plazajuarez.mx\/historico\/wp-json\/wp\/v2\/types\/post"}],"author":[{"embeddable":true,"href":"https:\/\/plazajuarez.mx\/historico\/wp-json\/wp\/v2\/users\/93"}],"replies":[{"embeddable":true,"href":"https:\/\/plazajuarez.mx\/historico\/wp-json\/wp\/v2\/comments?post=13185"}],"version-history":[{"count":0,"href":"https:\/\/plazajuarez.mx\/historico\/wp-json\/wp\/v2\/posts\/13185\/revisions"}],"wp:attachment":[{"href":"https:\/\/plazajuarez.mx\/historico\/wp-json\/wp\/v2\/media?parent=13185"}],"wp:term":[{"taxonomy":"category","embeddable":true,"href":"https:\/\/plazajuarez.mx\/historico\/wp-json\/wp\/v2\/categories?post=13185"},{"taxonomy":"post_tag","embeddable":true,"href":"https:\/\/plazajuarez.mx\/historico\/wp-json\/wp\/v2\/tags?post=13185"}],"curies":[{"name":"wp","href":"https:\/\/api.w.org\/{rel}","templated":true}]}}