{"id":13182,"date":"2015-11-09T11:52:56","date_gmt":"2015-11-09T11:52:56","guid":{"rendered":"http:\/\/plazajuarez.mx\/index\/index.php\/2015\/11\/09\/chile-rechaza-tajante-postura-de-peru\/"},"modified":"2015-11-09T11:52:56","modified_gmt":"2015-11-09T11:52:56","slug":"chile-rechaza-tajante-postura-de-peru","status":"publish","type":"post","link":"https:\/\/plazajuarez.mx\/historico\/chile-rechaza-tajante-postura-de-peru\/","title":{"rendered":"Chile rechaza tajante postura de Per\u00fa"},"content":{"rendered":"<p>Santiago de Chile.- Chile rechaz\u00f3 ayer de forma tajante la actitud de Per\u00fa de promulgar una ley para crear el distrito La Yarada-Los Palos en la regi\u00f3n de Tacna, lo cual calific\u00f3 de &#8220;inoponible&#8221; y sin valor respecto a las fronteras comunes.<\/p>\n<p>  <!--more-->  <\/p>\n<p>Tras asistir al lanzamiento del XXV Congreso del Partido Comunista de Chile, el ministro de Relaciones Exteriores, Heraldo Mu\u00f1oz, declar\u00f3 a la prensa que para su pa\u00eds esa ley &#8220;no tiene valor jur\u00eddico&#8221;, la cual ha rechazado en\u00e9rgicamente.<\/p>\n<p>Emitimos hoy una nota de protesta al respecto, y en estas condiciones no es factible realizar una reuni\u00f3n a nivel ministerial del Consejo Social entre los dos pa\u00edses, la cual deb\u00eda efectuarse en diciembre, explic\u00f3 Mu\u00f1oz.<\/p>\n<p>El jefe de la diplomacia chilena calific\u00f3 de muy seria la situaci\u00f3n, y adelanto que la naci\u00f3n austral va a resguardar sus intereses y territorio, &#8220;con las medidas que correspondan; nosotros rechazamos esta ley, es inoponible&#8221;.<\/p>\n<p>Explic\u00f3 que fue entregada una nota al encargado de negocios del Per\u00fa, &#8220;expres\u00e1ndole nuestro m\u00e1s en\u00e9rgico rechazo a la promulgaci\u00f3n de esta ley&#8221;.<\/p>\n<p>Acerca del ejercicio militar Hurac\u00e1n 2015, que se hace justamente en los l\u00edmites con Per\u00fa y Bolivia, reiter\u00f3 que se trata de algo normal establecido previamente y sobre el cual se hizo una comunicaci\u00f3n oficial en junio a Unasur.<\/p>\n<p>Adem\u00e1s, mandamos una nota especial al Per\u00fa, as\u00ed que no tienen ninguna connotaci\u00f3n especial estos ejercicios militares que se van a desarrollar en los pr\u00f3ximos d\u00edas, recalc\u00f3.<\/p>\n<p>Hace un par de semanas, Chile protest\u00f3 a Per\u00fa por una decisi\u00f3n del parlamento del vecino pa\u00eds que acept\u00f3 la creaci\u00f3n del nuevo distrito La Yarada-Los Palos, precisamente en una zona lim\u00edtrofe en disputa.<\/p>\n<p>LA YARADA-LOS PALOS EST\u00c1 JUSTAMENTE UBICADA EN EL DENOMINADO TRI\u00c1NGULO TERRESTRE SOBRE EL CUAL LAS DOS PARTES RECLAMAN JURISDICCI\u00d3N.<\/p>\n","protected":false},"excerpt":{"rendered":"<p>Santiago de Chile.- Chile rechaz\u00f3 ayer de forma tajante la actitud de Per\u00fa de promulgar una ley para crear el distrito La Yarada-Los Palos en la regi\u00f3n de Tacna, lo cual calific\u00f3 de &#8220;inoponible&#8221; y sin valor respecto a las fronteras comunes.<\/p>\n","protected":false},"author":93,"featured_media":0,"comment_status":"open","ping_status":"open","sticky":false,"template":"","format":"standard","meta":{"footnotes":""},"categories":[31],"tags":[],"class_list":["post-13182","post","type-post","status-publish","format-standard","hentry","category-orbe"],"_links":{"self":[{"href":"https:\/\/plazajuarez.mx\/historico\/wp-json\/wp\/v2\/posts\/13182","targetHints":{"allow":["GET"]}}],"collection":[{"href":"https:\/\/plazajuarez.mx\/historico\/wp-json\/wp\/v2\/posts"}],"about":[{"href":"https:\/\/plazajuarez.mx\/historico\/wp-json\/wp\/v2\/types\/post"}],"author":[{"embeddable":true,"href":"https:\/\/plazajuarez.mx\/historico\/wp-json\/wp\/v2\/users\/93"}],"replies":[{"embeddable":true,"href":"https:\/\/plazajuarez.mx\/historico\/wp-json\/wp\/v2\/comments?post=13182"}],"version-history":[{"count":0,"href":"https:\/\/plazajuarez.mx\/historico\/wp-json\/wp\/v2\/posts\/13182\/revisions"}],"wp:attachment":[{"href":"https:\/\/plazajuarez.mx\/historico\/wp-json\/wp\/v2\/media?parent=13182"}],"wp:term":[{"taxonomy":"category","embeddable":true,"href":"https:\/\/plazajuarez.mx\/historico\/wp-json\/wp\/v2\/categories?post=13182"},{"taxonomy":"post_tag","embeddable":true,"href":"https:\/\/plazajuarez.mx\/historico\/wp-json\/wp\/v2\/tags?post=13182"}],"curies":[{"name":"wp","href":"https:\/\/api.w.org\/{rel}","templated":true}]}}