{"id":131675,"date":"2020-09-07T07:15:58","date_gmt":"2020-09-07T12:15:58","guid":{"rendered":"https:\/\/plazajuarez.mx\/?p=131675"},"modified":"2020-09-07T07:16:19","modified_gmt":"2020-09-07T12:16:19","slug":"aqui-ya-no-esta-el-grupo-universidad","status":"publish","type":"post","link":"https:\/\/plazajuarez.mx\/historico\/aqui-ya-no-esta-el-grupo-universidad\/","title":{"rendered":"Aqu\u00ed ya no est\u00e1 el Grupo Universidad"},"content":{"rendered":"\n<p>El Coordinador Nacional de la Comisi\u00f3n Operativa de Movimiento Ciudadano (MC) y senador de la rep\u00fablica, Dante Delgado Rannauro, asegur\u00f3 que en el partido naranja no hay candidatos del denominado \u201cGrupo Universidad\u201d, todos est\u00e1n en Morena.<\/p>\n\n\n\n<p>Sentenci\u00f3 \u201cellos tomaron la decisi\u00f3n de sumarse a Morena, ah\u00ed est\u00e1n participando, no le vamos a cancelar a ning\u00fan ciudadano la posibilidad de participar, ellos est\u00e1n en Morena y ah\u00ed contin\u00faan, aqu\u00ed no est\u00e1n, se fueron de manera corporativa\u201d.<\/p>\n\n\n\n<p>Cabe recordar que Dami\u00e1n Sosa Castel\u00e1n, hermano del presidente del patronato de la Universidad Aut\u00f3noma del Estado de Hidalgo (UAEH) y supuesto l\u00edder del denominado \u201cGrupo Universidad\u201d, Gerardo Sosa Castel\u00e1n; fue designado coordinador estatal para el periodo 2017 &#8211; 2020,&nbsp; sin embargo a casi un a\u00f1o de asumir el cargo decidi\u00f3 dejarlo para integrarse a las filas de Morena.<\/p>\n\n\n\n<p>Cabe destacar que dentro de los perfiles que logr\u00f3 posicionar el Grupo Universidad a trav\u00e9s de Movimiento Ciudadano fue el del diputado local Miguel Angel de la Fuente L\u00f3pez, de la LXIII Legislatura.<\/p>\n\n\n\n<p>En ese sentido, Dante Delgado precis\u00f3 que en esos a\u00f1os, \u201cen Hidalgo hubo problemas de liderazgo, se hab\u00eda hecho un compromiso de avanzar en Hidalgo y cuando Andr\u00e9s Manuel viene a tomar las decisiones, se sumaron todos a \u00e9l, son de Morena (Grupo Universidad), abandonaron nuestro proyecto, lo abandonaron porque pensaron que ese era el mejor proyecto y nosotros seguimos\u201d.<\/p>\n","protected":false},"excerpt":{"rendered":"<p>El Coordinador Nacional de la Comisi\u00f3n Operativa de Movimiento Ciudadano (MC) y senador de la rep\u00fablica, Dante Delgado Rannauro, asegur\u00f3 que en el partido naranja no hay candidatos del denominado \u201cGrupo Universidad\u201d, todos est\u00e1n en Morena. Sentenci\u00f3 \u201cellos tomaron la decisi\u00f3n de sumarse a Morena, ah\u00ed est\u00e1n participando, no le vamos a cancelar a ning\u00fan [&hellip;]<\/p>\n","protected":false},"author":73,"featured_media":131677,"comment_status":"closed","ping_status":"open","sticky":false,"template":"","format":"standard","meta":{"footnotes":""},"categories":[59],"tags":[],"class_list":["post-131675","post","type-post","status-publish","format-standard","has-post-thumbnail","hentry","category-general"],"_links":{"self":[{"href":"https:\/\/plazajuarez.mx\/historico\/wp-json\/wp\/v2\/posts\/131675","targetHints":{"allow":["GET"]}}],"collection":[{"href":"https:\/\/plazajuarez.mx\/historico\/wp-json\/wp\/v2\/posts"}],"about":[{"href":"https:\/\/plazajuarez.mx\/historico\/wp-json\/wp\/v2\/types\/post"}],"author":[{"embeddable":true,"href":"https:\/\/plazajuarez.mx\/historico\/wp-json\/wp\/v2\/users\/73"}],"replies":[{"embeddable":true,"href":"https:\/\/plazajuarez.mx\/historico\/wp-json\/wp\/v2\/comments?post=131675"}],"version-history":[{"count":0,"href":"https:\/\/plazajuarez.mx\/historico\/wp-json\/wp\/v2\/posts\/131675\/revisions"}],"wp:featuredmedia":[{"embeddable":true,"href":"https:\/\/plazajuarez.mx\/historico\/wp-json\/wp\/v2\/media\/131677"}],"wp:attachment":[{"href":"https:\/\/plazajuarez.mx\/historico\/wp-json\/wp\/v2\/media?parent=131675"}],"wp:term":[{"taxonomy":"category","embeddable":true,"href":"https:\/\/plazajuarez.mx\/historico\/wp-json\/wp\/v2\/categories?post=131675"},{"taxonomy":"post_tag","embeddable":true,"href":"https:\/\/plazajuarez.mx\/historico\/wp-json\/wp\/v2\/tags?post=131675"}],"curies":[{"name":"wp","href":"https:\/\/api.w.org\/{rel}","templated":true}]}}